{"id":12587,"date":"2022-11-17T10:15:19","date_gmt":"2022-11-17T09:15:19","guid":{"rendered":"http:\/\/mediocudeyo.es\/web\/?p=12587"},"modified":"2022-11-17T10:15:19","modified_gmt":"2022-11-17T09:15:19","slug":"video-forum-doctor-quiero-parir-en-casa","status":"publish","type":"post","link":"https:\/\/mediocudeyo.es\/web\/video-forum-doctor-quiero-parir-en-casa\/","title":{"rendered":"v\u00eddeo-forum: \u00abDoctor, quiero parir en casa\u00bb"},"content":{"rendered":"<div class=\"\" data-block=\"true\" data-editor=\"bggul\" data-offset-key=\"a79er-0-0\">\n<div class=\"_1mf _1mj\" data-offset-key=\"a79er-0-0\"><span data-offset-key=\"a79er-0-0\">Si te interesa o tienes curiosidad por el parto en casa, participa en este v\u00eddeo-forum de la mano de <\/span><span class=\"_247o\" spellcheck=\"false\" data-offset-key=\"a79er-1-0\"><span data-offset-key=\"a79er-1-0\">Aida Ma\u00f1ez<\/span><\/span><span data-offset-key=\"a79er-2-0\">, creadora valenciana, que ha realizado un documental sobre el parto domiciliario en Espa\u00f1a titulado: \u00ab<a href=\"https:\/\/www.facebook.com\/profile.php?id=100068986908700\">Doctor, quiero parir en casa<\/a>\u00ab.<br \/>\n<\/span><\/div>\n<\/div>\n<div class=\"_1mf _1mj\" data-offset-key=\"17oh9-0-0\"><span data-offset-key=\"17oh9-0-0\">\u00a0<\/span><\/div>\n<div data-offset-key=\"17oh9-0-0\"><\/div>\n<div data-offset-key=\"17oh9-0-0\"><img fetchpriority=\"high\" decoding=\"async\" class=\"alignnone size-large wp-image-12588\" src=\"http:\/\/mediocudeyo.es\/web\/wp-content\/uploads\/2022\/11\/V\u00eddeo-forum-DOCTOR-QUIERO-PARIR-EN-CASA.-CARTEL-JPG-724x1024.jpg\" alt=\"\" width=\"474\" height=\"670\" \/><\/div>\n<div data-offset-key=\"17oh9-0-0\"><\/div>\n<div class=\"\" data-block=\"true\" data-editor=\"bggul\" data-offset-key=\"88iqe-0-0\">\n<div class=\"_1mf _1mj\" data-offset-key=\"88iqe-0-0\"><span data-offset-key=\"88iqe-0-0\">Mediante varias entrevistas a una abogada, una historiadora, un ginec\u00f3logo, varias matronas, una cient\u00edfica, una psic\u00f3loga, una doula y varias madres con experiencia en el tema, ha formado un audiovisual con una visi\u00f3n objetiva y realista del parto en casa en nuestro pa\u00eds.<\/span><\/div>\n<\/div>\n<div class=\"\" data-block=\"true\" data-editor=\"bggul\" data-offset-key=\"flf4g-0-0\">\n<div class=\"_1mf _1mj\" data-offset-key=\"flf4g-0-0\"><span data-offset-key=\"flf4g-0-0\">\u00a0<\/span><\/div>\n<\/div>\n<div class=\"\" data-block=\"true\" data-editor=\"bggul\" data-offset-key=\"7ajg0-0-0\">\n<div class=\"_1mf _1mj\" data-offset-key=\"7ajg0-0-0\"><span data-offset-key=\"7ajg0-0-0\">Cuenta con el apoyo del<a href=\"https:\/\/observatorioviolenciaobstetrica.es\/\"><em> Observatorio de la violencia obst\u00e9trica<\/em><\/a>, pues adem\u00e1s varias de las colaboradoras pertenecen al mismo. Tambi\u00e9n han participado algunas socias del <\/span><a href=\"https:\/\/www.elpartoesnuestro.es\/pagina\/que-somos\"><em><span class=\"_247o\" spellcheck=\"false\" data-offset-key=\"7ajg0-1-0\">El Parto es Nuestro<\/span><\/em><\/a><span data-offset-key=\"7ajg0-2-0\">, asociaci\u00f3n muy conocida dentro y fuera de nuestro pa\u00eds y que aboga por mejorar las condiciones de atenci\u00f3n a madres e hijos\/as durante el embarazo, parto y posparto <\/span><\/div>\n<\/div>\n<div class=\"_1mf _1mj\" data-offset-key=\"9qm6h-0-0\"><span data-offset-key=\"9qm6h-0-0\">\u00a0<\/span><\/div>\n<div data-offset-key=\"9qm6h-0-0\">\n<p><iframe title=\"Trailer__Doctor, quiero parir en casa\" src=\"https:\/\/player.vimeo.com\/video\/605606986?dnt=1&amp;app_id=122963\" width=\"500\" height=\"281\" frameborder=\"0\" allow=\"autoplay; fullscreen; picture-in-picture; clipboard-write\"><\/iframe><\/p>\n<\/div>\n<div class=\"\" data-block=\"true\" data-editor=\"bggul\" data-offset-key=\"cep59-0-0\"><\/div>\n<div class=\"\" data-block=\"true\" data-editor=\"bggul\" data-offset-key=\"2piqi-0-0\">\n<div class=\"_1mf _1mj\" data-offset-key=\"2piqi-0-0\"><span data-offset-key=\"2piqi-0-0\">\u2139\ufe0f Entrada gratis hasta completar afoto (sin reserva previa, aforo limitado).<\/span><\/div>\n<\/div>\n<div class=\"\" data-block=\"true\" data-editor=\"bggul\" data-offset-key=\"bftnp-0-0\">\n<div class=\"_1mf _1mj\" data-offset-key=\"bftnp-0-0\"><span data-offset-key=\"bftnp-0-0\"> S\u00e1bado 26 de noviembre, 17:00 horas.<\/span><\/div>\n<\/div>\n","protected":false},"excerpt":{"rendered":"<p>Si te interesa o tienes curiosidad por el parto en casa, participa en este v\u00eddeo-forum de la mano de Aida Ma\u00f1ez, creadora valenciana, que ha realizado un documental sobre el [&hellip;]<\/p>\n","protected":false},"author":4,"featured_media":0,"comment_status":"closed","ping_status":"closed","sticky":false,"template":"","format":"standard","meta":{"footnotes":""},"categories":[37],"tags":[104,598,599],"class_list":["post-12587","post","type-post","status-publish","format-standard","hentry","category-centro-cultural","tag-centro-cultural","tag-educacion-para-la-salud","tag-parto-en-casa"],"_links":{"self":[{"href":"https:\/\/mediocudeyo.es\/web\/wp-json\/wp\/v2\/posts\/12587"}],"collection":[{"href":"https:\/\/mediocudeyo.es\/web\/wp-json\/wp\/v2\/posts"}],"about":[{"href":"https:\/\/mediocudeyo.es\/web\/wp-json\/wp\/v2\/types\/post"}],"author":[{"embeddable":true,"href":"https:\/\/mediocudeyo.es\/web\/wp-json\/wp\/v2\/users\/4"}],"replies":[{"embeddable":true,"href":"https:\/\/mediocudeyo.es\/web\/wp-json\/wp\/v2\/comments?post=12587"}],"version-history":[{"count":0,"href":"https:\/\/mediocudeyo.es\/web\/wp-json\/wp\/v2\/posts\/12587\/revisions"}],"wp:attachment":[{"href":"https:\/\/mediocudeyo.es\/web\/wp-json\/wp\/v2\/media?parent=12587"}],"wp:term":[{"taxonomy":"category","embeddable":true,"href":"https:\/\/mediocudeyo.es\/web\/wp-json\/wp\/v2\/categories?post=12587"},{"taxonomy":"post_tag","embeddable":true,"href":"https:\/\/mediocudeyo.es\/web\/wp-json\/wp\/v2\/tags?post=12587"}],"curies":[{"name":"wp","href":"https:\/\/api.w.org\/{rel}","templated":true}]}}