{"id":12634,"date":"2022-11-24T11:42:53","date_gmt":"2022-11-24T10:42:53","guid":{"rendered":"http:\/\/mediocudeyo.es\/web\/?p=12634"},"modified":"2022-11-24T11:42:53","modified_gmt":"2022-11-24T10:42:53","slug":"filmoteca-27-noviembre-el-amor-en-su-lugar","status":"publish","type":"post","link":"https:\/\/mediocudeyo.es\/web\/filmoteca-27-noviembre-el-amor-en-su-lugar\/","title":{"rendered":"Filmoteca 27 noviembre: \u00abEl Amor en su lugar\u00bb"},"content":{"rendered":"<div class=\"x11i5rnm xat24cr x1mh8g0r x1vvkbs xtlvy1s x126k92a\">\n<div dir=\"auto\">Este domingo 27 de noviembre: \u00abEl Amor en su lugar\u00bb de Rodrigo Cort\u00e9s (Espa\u00f1a).<\/div>\n<\/div>\n<div dir=\"auto\"><\/div>\n<div dir=\"auto\"><img fetchpriority=\"high\" decoding=\"async\" class=\"alignnone size-large wp-image-12635\" src=\"http:\/\/mediocudeyo.es\/web\/wp-content\/uploads\/2022\/11\/filmoteca-27-nov-724x1024.jpg\" alt=\"\" width=\"474\" height=\"670\" \/><\/div>\n<div dir=\"auto\"><\/div>\n<div dir=\"auto\"><\/div>\n<div dir=\"auto\"><\/div>\n<div class=\"x11i5rnm xat24cr x1mh8g0r x1vvkbs xtlvy1s x126k92a\">\n<div dir=\"auto\"><strong> Sinopsis<\/strong>: Enero de 1942, 400.000 jud\u00edos de toda Polonia llevan m\u00e1s de un a\u00f1o confinados por los nazis en un estrecho gueto en mitad de la ciudad. Fuera del muro, la vida sigue adelante. Dentro, sus habitantes luchan por sobrevivir. Sin embargo, el alto muro de ladrillos no consigue parar la creaci\u00f3n de un grupo de actores jud\u00edos que, en una helada noche invernal, interpreta una comedia musical en el teatro F\u00e9mina. Los espectadores r\u00eden y se emocionan ante una historia de amor, olvidando por un momento su dif\u00edcil situaci\u00f3n. Entre bambalinas, los actores se enfrentan a un dilema de vida o muerte ante la posibilidad de llevar a cabo una fuga despu\u00e9s de la funci\u00f3n (FILMAFFINITY).<\/div>\n<div dir=\"auto\"><\/div>\n<\/div>\n<div dir=\"auto\"><\/div>\n<div dir=\"auto\">\n<p><iframe title=\"Love Gets a Room I A Rodrigo Cort\u00e9s Film I Trailer\" width=\"500\" height=\"281\" src=\"https:\/\/www.youtube.com\/embed\/5C2ET2r3H-c?feature=oembed\" frameborder=\"0\" allow=\"accelerometer; autoplay; clipboard-write; encrypted-media; gyroscope; picture-in-picture; web-share\" referrerpolicy=\"strict-origin-when-cross-origin\" allowfullscreen><\/iframe><\/p>\n<\/div>\n<div class=\"x11i5rnm xat24cr x1mh8g0r x1vvkbs xtlvy1s x126k92a\">\n<div dir=\"auto\"><\/div>\n<\/div>\n<div class=\"x11i5rnm xat24cr x1mh8g0r x1vvkbs xtlvy1s x126k92a\">\n<ul>\n<li dir=\"auto\"><strong>Domingo 27 de noviembre. 19:30 horas.<\/strong><\/li>\n<li dir=\"auto\">Precio \u00fanico: <strong>1,50\u20ac<\/strong>. No es necesaria reserva previa.<\/li>\n<\/ul>\n<\/div>\n<p>&nbsp;<\/p>\n","protected":false},"excerpt":{"rendered":"<p>Este domingo 27 de noviembre: \u00abEl Amor en su lugar\u00bb de Rodrigo Cort\u00e9s (Espa\u00f1a). Sinopsis: Enero de 1942, 400.000 jud\u00edos de toda Polonia llevan m\u00e1s de un a\u00f1o confinados por [&hellip;]<\/p>\n","protected":false},"author":4,"featured_media":0,"comment_status":"closed","ping_status":"closed","sticky":false,"template":"","format":"standard","meta":{"footnotes":""},"categories":[37],"tags":[104,117],"class_list":["post-12634","post","type-post","status-publish","format-standard","hentry","category-centro-cultural","tag-centro-cultural","tag-filmoteca"],"_links":{"self":[{"href":"https:\/\/mediocudeyo.es\/web\/wp-json\/wp\/v2\/posts\/12634"}],"collection":[{"href":"https:\/\/mediocudeyo.es\/web\/wp-json\/wp\/v2\/posts"}],"about":[{"href":"https:\/\/mediocudeyo.es\/web\/wp-json\/wp\/v2\/types\/post"}],"author":[{"embeddable":true,"href":"https:\/\/mediocudeyo.es\/web\/wp-json\/wp\/v2\/users\/4"}],"replies":[{"embeddable":true,"href":"https:\/\/mediocudeyo.es\/web\/wp-json\/wp\/v2\/comments?post=12634"}],"version-history":[{"count":0,"href":"https:\/\/mediocudeyo.es\/web\/wp-json\/wp\/v2\/posts\/12634\/revisions"}],"wp:attachment":[{"href":"https:\/\/mediocudeyo.es\/web\/wp-json\/wp\/v2\/media?parent=12634"}],"wp:term":[{"taxonomy":"category","embeddable":true,"href":"https:\/\/mediocudeyo.es\/web\/wp-json\/wp\/v2\/categories?post=12634"},{"taxonomy":"post_tag","embeddable":true,"href":"https:\/\/mediocudeyo.es\/web\/wp-json\/wp\/v2\/tags?post=12634"}],"curies":[{"name":"wp","href":"https:\/\/api.w.org\/{rel}","templated":true}]}}