{"id":12638,"date":"2022-11-24T13:54:27","date_gmt":"2022-11-24T12:54:27","guid":{"rendered":"http:\/\/mediocudeyo.es\/web\/?p=12638"},"modified":"2022-12-12T11:46:45","modified_gmt":"2022-12-12T11:46:45","slug":"exposicion-la-mujer-que-soy","status":"publish","type":"post","link":"https:\/\/mediocudeyo.es\/web\/exposicion-la-mujer-que-soy\/","title":{"rendered":"Exposici\u00f3n \u00abLa mujer que soy\u00bb"},"content":{"rendered":"<div class=\"x11i5rnm xat24cr x1mh8g0r x1vvkbs xdj266r x126k92a\">\n<div dir=\"auto\">El p\u00f3ximo jueves <strong>1 de diciembre<\/strong> se inaugura una nueva exposici\u00f3n en el Centro Cultural Ram\u00f3n Pelayo.<\/div>\n<\/div>\n<div class=\"x11i5rnm xat24cr x1mh8g0r x1vvkbs xtlvy1s x126k92a\">\n<div dir=\"auto\">El Instituto Cultural Rumano en Madrid, en colaboraci\u00f3n con la Uni\u00f3n de Arquitectos de Ruman\u00eda (UAR) y con el apoyo del Consulado General de Ruman\u00eda en Bilbao, propone una exposici\u00f3n de arquitectura que tiene como lema principal las mujeres en la arquitectura rumana de entreguerras y contempor\u00e1nea.<\/div>\n<\/div>\n<div dir=\"auto\"><\/div>\n<div dir=\"auto\"><img fetchpriority=\"high\" decoding=\"async\" class=\"alignnone size-large wp-image-12639\" src=\"http:\/\/mediocudeyo.es\/web\/wp-content\/uploads\/2022\/11\/EXPO-LA-MUJER-QUE-SOY.-CARTEL-JPG-724x1024.jpg\" alt=\"\" width=\"474\" height=\"670\" \/><\/div>\n<div dir=\"auto\"><\/div>\n<div dir=\"auto\"><\/div>\n<div class=\"x11i5rnm xat24cr x1mh8g0r x1vvkbs xtlvy1s x126k92a\">\n<div dir=\"auto\">Al acto de inauguraci\u00f3n, que tendr\u00e1 lugar a las <strong>19:00 horas<\/strong> en el Cubo de las Exposiciones, asistir\u00e1n: el c\u00f3nsul honorario de Ruman\u00eda en Santander, Snahco Michell, la consejera de Presidencia, Interior, Justicia y Acci\u00f3n Exterior, do\u00f1a Paula Fern\u00e1ndez Via\u00f1a, as\u00ed como diversos representantes del Ayuntamiento de Medio Cudeyo.<\/div>\n<\/div>\n<p>&nbsp;<\/p>\n","protected":false},"excerpt":{"rendered":"<p>El p\u00f3ximo jueves 1 de diciembre se inaugura una nueva exposici\u00f3n en el Centro Cultural Ram\u00f3n Pelayo. El Instituto Cultural Rumano en Madrid, en colaboraci\u00f3n con la Uni\u00f3n de Arquitectos [&hellip;]<\/p>\n","protected":false},"author":4,"featured_media":0,"comment_status":"closed","ping_status":"closed","sticky":false,"template":"","format":"standard","meta":{"footnotes":""},"categories":[1],"tags":[],"class_list":["post-12638","post","type-post","status-publish","format-standard","hentry","category-sin-categoria"],"_links":{"self":[{"href":"https:\/\/mediocudeyo.es\/web\/wp-json\/wp\/v2\/posts\/12638"}],"collection":[{"href":"https:\/\/mediocudeyo.es\/web\/wp-json\/wp\/v2\/posts"}],"about":[{"href":"https:\/\/mediocudeyo.es\/web\/wp-json\/wp\/v2\/types\/post"}],"author":[{"embeddable":true,"href":"https:\/\/mediocudeyo.es\/web\/wp-json\/wp\/v2\/users\/4"}],"replies":[{"embeddable":true,"href":"https:\/\/mediocudeyo.es\/web\/wp-json\/wp\/v2\/comments?post=12638"}],"version-history":[{"count":1,"href":"https:\/\/mediocudeyo.es\/web\/wp-json\/wp\/v2\/posts\/12638\/revisions"}],"predecessor-version":[{"id":17701,"href":"https:\/\/mediocudeyo.es\/web\/wp-json\/wp\/v2\/posts\/12638\/revisions\/17701"}],"wp:attachment":[{"href":"https:\/\/mediocudeyo.es\/web\/wp-json\/wp\/v2\/media?parent=12638"}],"wp:term":[{"taxonomy":"category","embeddable":true,"href":"https:\/\/mediocudeyo.es\/web\/wp-json\/wp\/v2\/categories?post=12638"},{"taxonomy":"post_tag","embeddable":true,"href":"https:\/\/mediocudeyo.es\/web\/wp-json\/wp\/v2\/tags?post=12638"}],"curies":[{"name":"wp","href":"https:\/\/api.w.org\/{rel}","templated":true}]}}