{"id":12647,"date":"2022-11-25T12:15:13","date_gmt":"2022-11-25T11:15:13","guid":{"rendered":"http:\/\/mediocudeyo.es\/web\/?p=12647"},"modified":"2022-11-25T12:15:13","modified_gmt":"2022-11-25T11:15:13","slug":"nueva-exposicion-de-pintura-y-escultura-en-el-museo-marques-de-valdecilla","status":"publish","type":"post","link":"https:\/\/mediocudeyo.es\/web\/nueva-exposicion-de-pintura-y-escultura-en-el-museo-marques-de-valdecilla\/","title":{"rendered":"Nueva exposici\u00f3n de pintura y escultura en el Museo Marqu\u00e9s de Valdecilla"},"content":{"rendered":"<p>Del 3 de diciembre al 15 de enero <strong>Francisco Ceballos<\/strong> expone su obra de pintura y escultura titulada \u00abLas tres \u00faltimas series\u00bb en las salas de exposici\u00f3n del Museo Marqu\u00e9s de Valdecilla- La entrada a la misma es gratuita.<\/p>\n<p>La inauguraci\u00f3n se celebrar\u00e1 el domingo 27 de noviembre a las 12 horas.<\/p>\n<p>Recordamos que del 28 de noviembre al 2 de diciembre la Finca y el Museo Marqu\u00e9s de Valdecilla permanecer\u00e1 cerrado al p\u00fablico.<\/p>\n<p><img fetchpriority=\"high\" decoding=\"async\" class=\" wp-image-12654 aligncenter\" src=\"http:\/\/mediocudeyo.es\/web\/wp-content\/uploads\/2022\/11\/Francisco-Ceballos-2-212x300.jpg\" alt=\"\" width=\"375\" height=\"531\" \/><\/p>\n","protected":false},"excerpt":{"rendered":"<p>Del 3 de diciembre al 15 de enero Francisco Ceballos expone su obra de pintura y escultura titulada \u00abLas tres \u00faltimas series\u00bb en las salas de exposici\u00f3n del Museo Marqu\u00e9s [&hellip;]<\/p>\n","protected":false},"author":3,"featured_media":0,"comment_status":"closed","ping_status":"closed","sticky":false,"template":"","format":"standard","meta":{"footnotes":""},"categories":[57],"tags":[],"class_list":["post-12647","post","type-post","status-publish","format-standard","hentry","category-turismo"],"_links":{"self":[{"href":"https:\/\/mediocudeyo.es\/web\/wp-json\/wp\/v2\/posts\/12647"}],"collection":[{"href":"https:\/\/mediocudeyo.es\/web\/wp-json\/wp\/v2\/posts"}],"about":[{"href":"https:\/\/mediocudeyo.es\/web\/wp-json\/wp\/v2\/types\/post"}],"author":[{"embeddable":true,"href":"https:\/\/mediocudeyo.es\/web\/wp-json\/wp\/v2\/users\/3"}],"replies":[{"embeddable":true,"href":"https:\/\/mediocudeyo.es\/web\/wp-json\/wp\/v2\/comments?post=12647"}],"version-history":[{"count":0,"href":"https:\/\/mediocudeyo.es\/web\/wp-json\/wp\/v2\/posts\/12647\/revisions"}],"wp:attachment":[{"href":"https:\/\/mediocudeyo.es\/web\/wp-json\/wp\/v2\/media?parent=12647"}],"wp:term":[{"taxonomy":"category","embeddable":true,"href":"https:\/\/mediocudeyo.es\/web\/wp-json\/wp\/v2\/categories?post=12647"},{"taxonomy":"post_tag","embeddable":true,"href":"https:\/\/mediocudeyo.es\/web\/wp-json\/wp\/v2\/tags?post=12647"}],"curies":[{"name":"wp","href":"https:\/\/api.w.org\/{rel}","templated":true}]}}