{"id":12668,"date":"2022-11-26T10:05:03","date_gmt":"2022-11-26T09:05:03","guid":{"rendered":"http:\/\/mediocudeyo.es\/web\/?p=12668"},"modified":"2023-01-27T08:00:15","modified_gmt":"2023-01-27T08:00:15","slug":"presentacion-del-calendario-8m-edio-cudeyo","status":"publish","type":"post","link":"https:\/\/mediocudeyo.es\/web\/presentacion-del-calendario-8m-edio-cudeyo\/","title":{"rendered":"Presentaci\u00f3n del Calendario 8M-edio Cudeyo"},"content":{"rendered":"<div data-contents=\"true\">\n<div class=\"\" data-block=\"true\" data-editor=\"7j8ff\" data-offset-key=\"ae4s7-0-0\">\n<div class=\"_1mf _1mj\" data-offset-key=\"ae4s7-0-0\"><span data-offset-key=\"ae4s7-0-0\">El pr\u00f3ximo <strong>3 de diciembre<\/strong> en el Centro Cultural Ram\u00f3n Pelayo se presentar\u00e1 el Calendario 8M-edio Cudeyo. <\/span><\/div>\n<\/div>\n<div class=\"\" data-block=\"true\" data-editor=\"7j8ff\" data-offset-key=\"d2hc5-0-0\">\n<div class=\"_1mf _1mj\" data-offset-key=\"d2hc5-0-0\"><span data-offset-key=\"d2hc5-0-0\">\u00a0<\/span><\/div>\n<\/div>\n<div class=\"\" data-block=\"true\" data-editor=\"7j8ff\" data-offset-key=\"5olpe-0-0\">\n<div class=\"_1mf _1mj\" data-offset-key=\"5olpe-0-0\"><span data-offset-key=\"5olpe-0-0\">Este calendario se ha realizado en colaboraci\u00f3n de las Concejal\u00edas de Cultura y la de Igualdad, la Escuela de Fotograf\u00eda de Medio Cudeyo y much@s vecinos y vecinas del municipio de todas las edades.<\/span><\/div>\n<\/div>\n<div class=\"\" data-block=\"true\" data-editor=\"7j8ff\" data-offset-key=\"pmlk-0-0\">\n<div class=\"_1mf _1mj\" data-offset-key=\"pmlk-0-0\"><span data-offset-key=\"pmlk-0-0\">\u00a0<\/span><\/div>\n<\/div>\n<div class=\"\" data-block=\"true\" data-editor=\"7j8ff\" data-offset-key=\"8e5v1-0-0\">\n<div class=\"_1mf _1mj\" data-offset-key=\"8e5v1-0-0\"><span data-offset-key=\"8e5v1-0-0\">A partir del <em>pr\u00f3ximo martes 29 de noviembre se abrir\u00e1n las reservas<\/em> para poder asistir al evento.<\/span><\/div>\n<\/div>\n<div class=\"\" data-block=\"true\" data-editor=\"7j8ff\" data-offset-key=\"2pi2u-0-0\">\n<div class=\"_1mf _1mj\" data-offset-key=\"2pi2u-0-0\"><span data-offset-key=\"2pi2u-0-0\">\u00a0<\/span><\/div>\n<\/div>\n<div class=\"\" data-block=\"true\" data-editor=\"7j8ff\" data-offset-key=\"64khb-0-0\">\n<div class=\"_1mf _1mj\" data-offset-key=\"64khb-0-0\"><span data-offset-key=\"64khb-0-0\">M\u00e1s informaci\u00f3n en el C<\/span><span data-offset-key=\"a58ns-0-0\">entro Cultural Ram\u00f3n Pelayo:<\/span><\/div>\n<\/div>\n<div class=\"\" data-block=\"true\" data-editor=\"7j8ff\" data-offset-key=\"a58ns-0-0\">\n<ul>\n<li class=\"_1mf _1mj\" data-offset-key=\"a58ns-0-0\"><span data-offset-key=\"a58ns-0-0\">942 522 685 \/ centrocultural@mediocudeyo.es<\/span><\/li>\n<\/ul>\n<\/div>\n<div class=\"\" data-block=\"true\" data-editor=\"7j8ff\" data-offset-key=\"4j3s1-0-0\">\n<div class=\"_1mf _1mj\" data-offset-key=\"4j3s1-0-0\"><span data-offset-key=\"4j3s1-0-0\"><a href=\"https:\/\/mediocudeyo.es\/web\/wp-content\/uploads\/2022\/11\/CALENDARIO-8M-edio-Cudeyo.-CARTEL-JPG-1024x724-1.jpg\" data-rel=\"lightbox-image-0\" data-rl_title=\"\" data-rl_caption=\"\" title=\"\"><img fetchpriority=\"high\" decoding=\"async\" class=\"aligncenter wp-image-18934 size-full\" src=\"https:\/\/mediocudeyo.es\/web\/wp-content\/uploads\/2022\/11\/CALENDARIO-8M-edio-Cudeyo.-CARTEL-JPG-1024x724-1.jpg\" alt=\"\" width=\"1024\" height=\"724\" srcset=\"https:\/\/mediocudeyo.es\/web\/wp-content\/uploads\/2022\/11\/CALENDARIO-8M-edio-Cudeyo.-CARTEL-JPG-1024x724-1.jpg 1024w, https:\/\/mediocudeyo.es\/web\/wp-content\/uploads\/2022\/11\/CALENDARIO-8M-edio-Cudeyo.-CARTEL-JPG-1024x724-1-300x212.jpg 300w, https:\/\/mediocudeyo.es\/web\/wp-content\/uploads\/2022\/11\/CALENDARIO-8M-edio-Cudeyo.-CARTEL-JPG-1024x724-1-768x543.jpg 768w\" sizes=\"(max-width: 1024px) 100vw, 1024px\" \/><\/a><\/span><\/div>\n<div data-offset-key=\"4j3s1-0-0\"><\/div>\n<\/div>\n<div class=\"\" data-block=\"true\" data-editor=\"7j8ff\" data-offset-key=\"cm4q1-0-0\">\n<div class=\"_1mf _1mj\" style=\"text-align: center;\" data-offset-key=\"cm4q1-0-0\"><em>Imagen del Cartel dise\u00f1ada por Sara Fuentes Art<\/em><\/div>\n<\/div>\n<\/div>\n","protected":false},"excerpt":{"rendered":"<p>El pr\u00f3ximo 3 de diciembre en el Centro Cultural Ram\u00f3n Pelayo se presentar\u00e1 el Calendario 8M-edio Cudeyo. \u00a0 Este calendario se ha realizado en colaboraci\u00f3n de las Concejal\u00edas de Cultura [&hellip;]<\/p>\n","protected":false},"author":4,"featured_media":18934,"comment_status":"closed","ping_status":"closed","sticky":false,"template":"","format":"standard","meta":{"footnotes":""},"categories":[37],"tags":[441,602,104],"class_list":["post-12668","post","type-post","status-publish","format-standard","has-post-thumbnail","hentry","category-centro-cultural","tag-8m","tag-calendario","tag-centro-cultural"],"_links":{"self":[{"href":"https:\/\/mediocudeyo.es\/web\/wp-json\/wp\/v2\/posts\/12668"}],"collection":[{"href":"https:\/\/mediocudeyo.es\/web\/wp-json\/wp\/v2\/posts"}],"about":[{"href":"https:\/\/mediocudeyo.es\/web\/wp-json\/wp\/v2\/types\/post"}],"author":[{"embeddable":true,"href":"https:\/\/mediocudeyo.es\/web\/wp-json\/wp\/v2\/users\/4"}],"replies":[{"embeddable":true,"href":"https:\/\/mediocudeyo.es\/web\/wp-json\/wp\/v2\/comments?post=12668"}],"version-history":[{"count":2,"href":"https:\/\/mediocudeyo.es\/web\/wp-json\/wp\/v2\/posts\/12668\/revisions"}],"predecessor-version":[{"id":18936,"href":"https:\/\/mediocudeyo.es\/web\/wp-json\/wp\/v2\/posts\/12668\/revisions\/18936"}],"wp:featuredmedia":[{"embeddable":true,"href":"https:\/\/mediocudeyo.es\/web\/wp-json\/wp\/v2\/media\/18934"}],"wp:attachment":[{"href":"https:\/\/mediocudeyo.es\/web\/wp-json\/wp\/v2\/media?parent=12668"}],"wp:term":[{"taxonomy":"category","embeddable":true,"href":"https:\/\/mediocudeyo.es\/web\/wp-json\/wp\/v2\/categories?post=12668"},{"taxonomy":"post_tag","embeddable":true,"href":"https:\/\/mediocudeyo.es\/web\/wp-json\/wp\/v2\/tags?post=12668"}],"curies":[{"name":"wp","href":"https:\/\/api.w.org\/{rel}","templated":true}]}}