{"id":12679,"date":"2022-11-26T15:04:49","date_gmt":"2022-11-26T14:04:49","guid":{"rendered":"http:\/\/mediocudeyo.es\/web\/?p=12679"},"modified":"2022-12-05T09:54:32","modified_gmt":"2022-12-05T09:54:32","slug":"encendido-navideno","status":"publish","type":"post","link":"https:\/\/mediocudeyo.es\/web\/encendido-navideno\/","title":{"rendered":"ENCENDIDO NAVIDE\u00d1O"},"content":{"rendered":"<div data-contents=\"true\">\n<div class=\"\" data-block=\"true\" data-editor=\"g8l2\" data-offset-key=\"10trn-0-0\">\n<div class=\"_1mf _1mj\" data-offset-key=\"10trn-0-0\"><span data-offset-key=\"10trn-0-0\">\u00a1Que nuestras calles vuelvan a brillar!<br \/>\n<\/span><\/div>\n<\/div>\n<div class=\"\" data-block=\"true\" data-editor=\"g8l2\" data-offset-key=\"ar4dg-0-0\">\n<div class=\"_1mf _1mj\" data-offset-key=\"ar4dg-0-0\"><span data-offset-key=\"ar4dg-0-0\">\u00a0<\/span><\/div>\n<\/div>\n<div class=\"\" data-block=\"true\" data-editor=\"g8l2\" data-offset-key=\"3hshq-0-0\">\n<div class=\"_1mf _1mj\" data-offset-key=\"3hshq-0-0\"><span data-offset-key=\"3hshq-0-0\">El pr\u00f3ximo<strong> viernes 2 de diciembre<\/strong> os invitamos a tod@s al encendido de las luces de navidad de Medio Cudeyo.<br \/>\n<\/span><\/div>\n<\/div>\n<div class=\"\" data-block=\"true\" data-editor=\"g8l2\" data-offset-key=\"ak2v6-0-0\">\n<div class=\"_1mf _1mj\" data-offset-key=\"76aaj-0-0\"><span data-offset-key=\"76aaj-0-0\">M\u00fasica, baile y mucha ilusi\u00f3n en el Parque Monse\u00f1or de Cos para una tarde que da inicio a esta \u00e9poca del a\u00f1o tan especial \u00a1Os esperamos!<\/span><\/div>\n<\/div>\n<div class=\"\" data-block=\"true\" data-editor=\"g8l2\" data-offset-key=\"8nuhd-0-0\">\n<div class=\"_1mf _1mj\" data-offset-key=\"8nuhd-0-0\"><span data-offset-key=\"8nuhd-0-0\">\u00a0<\/span><\/div>\n<\/div>\n<div class=\"\" data-block=\"true\" data-editor=\"g8l2\" data-offset-key=\"3caek-0-0\">\n<div class=\"_1mf _1mj\" data-offset-key=\"3caek-0-0\"><span class=\"_5zk7\" spellcheck=\"false\" data-offset-key=\"3caek-0-0\"><span data-offset-key=\"3caek-0-0\"><img fetchpriority=\"high\" decoding=\"async\" class=\"alignnone size-large wp-image-12680\" src=\"http:\/\/mediocudeyo.es\/web\/wp-content\/uploads\/2022\/11\/CARTEL-ENCENDIDO-MC.-22.-pdf_page-00012-724x1024.jpg\" alt=\"\" width=\"474\" height=\"670\" \/><\/span><\/span><\/div>\n<\/div>\n<\/div>\n","protected":false},"excerpt":{"rendered":"<p>\u00a1Que nuestras calles vuelvan a brillar! \u00a0 El pr\u00f3ximo viernes 2 de diciembre os invitamos a tod@s al encendido de las luces de navidad de Medio Cudeyo. M\u00fasica, baile y [&hellip;]<\/p>\n","protected":false},"author":4,"featured_media":17604,"comment_status":"closed","ping_status":"closed","sticky":false,"template":"","format":"standard","meta":{"footnotes":""},"categories":[34,63],"tags":[603,61],"class_list":["post-12679","post","type-post","status-publish","format-standard","has-post-thumbnail","hentry","category-ayuntamiento","category-comercio","tag-encendido-de-luces","tag-navidad"],"_links":{"self":[{"href":"https:\/\/mediocudeyo.es\/web\/wp-json\/wp\/v2\/posts\/12679"}],"collection":[{"href":"https:\/\/mediocudeyo.es\/web\/wp-json\/wp\/v2\/posts"}],"about":[{"href":"https:\/\/mediocudeyo.es\/web\/wp-json\/wp\/v2\/types\/post"}],"author":[{"embeddable":true,"href":"https:\/\/mediocudeyo.es\/web\/wp-json\/wp\/v2\/users\/4"}],"replies":[{"embeddable":true,"href":"https:\/\/mediocudeyo.es\/web\/wp-json\/wp\/v2\/comments?post=12679"}],"version-history":[{"count":1,"href":"https:\/\/mediocudeyo.es\/web\/wp-json\/wp\/v2\/posts\/12679\/revisions"}],"predecessor-version":[{"id":17605,"href":"https:\/\/mediocudeyo.es\/web\/wp-json\/wp\/v2\/posts\/12679\/revisions\/17605"}],"wp:featuredmedia":[{"embeddable":true,"href":"https:\/\/mediocudeyo.es\/web\/wp-json\/wp\/v2\/media\/17604"}],"wp:attachment":[{"href":"https:\/\/mediocudeyo.es\/web\/wp-json\/wp\/v2\/media?parent=12679"}],"wp:term":[{"taxonomy":"category","embeddable":true,"href":"https:\/\/mediocudeyo.es\/web\/wp-json\/wp\/v2\/categories?post=12679"},{"taxonomy":"post_tag","embeddable":true,"href":"https:\/\/mediocudeyo.es\/web\/wp-json\/wp\/v2\/tags?post=12679"}],"curies":[{"name":"wp","href":"https:\/\/api.w.org\/{rel}","templated":true}]}}