{"id":12689,"date":"2022-11-29T09:31:18","date_gmt":"2022-11-29T08:31:18","guid":{"rendered":"http:\/\/mediocudeyo.es\/web\/?p=12689"},"modified":"2023-01-27T07:29:30","modified_gmt":"2023-01-27T07:29:30","slug":"talleres-de-decoracion-navidena","status":"publish","type":"post","link":"https:\/\/mediocudeyo.es\/web\/talleres-de-decoracion-navidena\/","title":{"rendered":"Talleres de decoraci\u00f3n navide\u00f1a"},"content":{"rendered":"<div class=\"x11i5rnm xat24cr x1mh8g0r x1vvkbs xdj266r\">Ya huele a navidad en el Centro Cultural&#8230;.\u00a0 \u00bfY si lo dejamos a\u00fan m\u00e1s bonito entre tod@s? Os animamos a participar en los talleres de decoraci\u00f3n los d\u00edas <strong>15, 16, 22 y 23 de diciembre<\/strong>.<\/div>\n<div class=\"x11i5rnm xat24cr x1mh8g0r x1vvkbs xdj266r\">Haremos unos bonitos adornos que har\u00e1n que el Centro brille en estas fechas m\u00e1s que nunca y que despu\u00e9s podr\u00e9is llevaros a casa<\/div>\n<div><\/div>\n<ul>\n<li class=\"x11i5rnm xat24cr x1mh8g0r x1vvkbs xtlvy1s\"><em>Jueves y viernes de 17:30 a 20:00, peques (infantil y primaria) y sus familias<\/em> (un adulto acompa\u00f1ante). Necesaria reserva, pod\u00e9is venir en cualquier momento dentro del horario.<\/li>\n<li class=\"x11i5rnm xat24cr x1mh8g0r x1vvkbs xtlvy1s\"><em>Viernes de 16:00 a 17:30, talleres para adultos (+14 a\u00f1os).<\/em> Necesaria reserva, pod\u00e9is venir en cualquier momento dentro del horario.<\/li>\n<\/ul>\n<div><a href=\"https:\/\/mediocudeyo.es\/web\/wp-content\/uploads\/2022\/11\/TALLERES-NAVIDENOS.-CARTEL-JPG-724x1024-1.jpg\" data-rel=\"lightbox-image-0\" data-rl_title=\"\" data-rl_caption=\"\" title=\"\"><img fetchpriority=\"high\" decoding=\"async\" class=\"aligncenter wp-image-18929 size-medium\" src=\"https:\/\/mediocudeyo.es\/web\/wp-content\/uploads\/2022\/11\/TALLERES-NAVIDENOS.-CARTEL-JPG-724x1024-1-212x300.jpg\" alt=\"\" width=\"212\" height=\"300\" srcset=\"https:\/\/mediocudeyo.es\/web\/wp-content\/uploads\/2022\/11\/TALLERES-NAVIDENOS.-CARTEL-JPG-724x1024-1-212x300.jpg 212w, https:\/\/mediocudeyo.es\/web\/wp-content\/uploads\/2022\/11\/TALLERES-NAVIDENOS.-CARTEL-JPG-724x1024-1.jpg 724w\" sizes=\"(max-width: 212px) 100vw, 212px\" \/><\/a><\/div>\n<div><\/div>\n<div><\/div>\n<div><\/div>\n<div class=\"x11i5rnm xat24cr x1mh8g0r x1vvkbs xtlvy1s\"><em><strong>M\u00e1s informaci\u00f3n e inscripciones:<\/strong> <\/em><br \/>\nCentro Cultural Ram\u00f3n Pelayo.942 522 685 \/ centrocultural@mediocudeyo.es<\/div>\n<p>&nbsp;<\/p>\n","protected":false},"excerpt":{"rendered":"<p>Ya huele a navidad en el Centro Cultural&#8230;.\u00a0 \u00bfY si lo dejamos a\u00fan m\u00e1s bonito entre tod@s? Os animamos a participar en los talleres de decoraci\u00f3n los d\u00edas 15, 16, [&hellip;]<\/p>\n","protected":false},"author":4,"featured_media":18929,"comment_status":"closed","ping_status":"closed","sticky":false,"template":"","format":"standard","meta":{"footnotes":""},"categories":[37],"tags":[104,61,66],"class_list":["post-12689","post","type-post","status-publish","format-standard","has-post-thumbnail","hentry","category-centro-cultural","tag-centro-cultural","tag-navidad","tag-talleres"],"_links":{"self":[{"href":"https:\/\/mediocudeyo.es\/web\/wp-json\/wp\/v2\/posts\/12689"}],"collection":[{"href":"https:\/\/mediocudeyo.es\/web\/wp-json\/wp\/v2\/posts"}],"about":[{"href":"https:\/\/mediocudeyo.es\/web\/wp-json\/wp\/v2\/types\/post"}],"author":[{"embeddable":true,"href":"https:\/\/mediocudeyo.es\/web\/wp-json\/wp\/v2\/users\/4"}],"replies":[{"embeddable":true,"href":"https:\/\/mediocudeyo.es\/web\/wp-json\/wp\/v2\/comments?post=12689"}],"version-history":[{"count":2,"href":"https:\/\/mediocudeyo.es\/web\/wp-json\/wp\/v2\/posts\/12689\/revisions"}],"predecessor-version":[{"id":18930,"href":"https:\/\/mediocudeyo.es\/web\/wp-json\/wp\/v2\/posts\/12689\/revisions\/18930"}],"wp:featuredmedia":[{"embeddable":true,"href":"https:\/\/mediocudeyo.es\/web\/wp-json\/wp\/v2\/media\/18929"}],"wp:attachment":[{"href":"https:\/\/mediocudeyo.es\/web\/wp-json\/wp\/v2\/media?parent=12689"}],"wp:term":[{"taxonomy":"category","embeddable":true,"href":"https:\/\/mediocudeyo.es\/web\/wp-json\/wp\/v2\/categories?post=12689"},{"taxonomy":"post_tag","embeddable":true,"href":"https:\/\/mediocudeyo.es\/web\/wp-json\/wp\/v2\/tags?post=12689"}],"curies":[{"name":"wp","href":"https:\/\/api.w.org\/{rel}","templated":true}]}}