{"id":12702,"date":"2022-12-01T08:50:48","date_gmt":"2022-12-01T07:50:48","guid":{"rendered":"http:\/\/mediocudeyo.es\/web\/?p=12702"},"modified":"2022-12-21T13:08:51","modified_gmt":"2022-12-21T13:08:51","slug":"filmoteca-4-de-diciembre-miguel-angel-el-pecado","status":"publish","type":"post","link":"https:\/\/mediocudeyo.es\/web\/filmoteca-4-de-diciembre-miguel-angel-el-pecado\/","title":{"rendered":"Filmoteca 4 de diciembre: \u00abMiguel \u00c1ngel (El pecado)\u00bb"},"content":{"rendered":"<div data-contents=\"true\">\n<div class=\"\" data-block=\"true\" data-editor=\"6rmmu\" data-offset-key=\"fk93s-0-0\">\n<div class=\"_1mf _1mj\" data-offset-key=\"3ttt5-0-0\"><span data-offset-key=\"3ttt5-0-0\">Este domingo vente al cine del Centro culturla Ram\u00f3n Pelayo, l Filmoteca Regional nos trae:<strong> \u00abMiguel \u00c1ngel (El pecado)\u00bb<\/strong> de Andrei Konchalovsky (italia).<\/span><\/div>\n<\/div>\n<\/div>\n<div class=\"_1mf _1mj\" data-offset-key=\"1hccq-0-0\"><span data-offset-key=\"1hccq-0-0\">\u00a0<\/span><\/div>\n<div data-offset-key=\"1hccq-0-0\"><\/div>\n<div data-offset-key=\"1hccq-0-0\"><img fetchpriority=\"high\" decoding=\"async\" class=\"alignnone size-large wp-image-12703\" src=\"http:\/\/mediocudeyo.es\/web\/wp-content\/uploads\/2022\/11\/FILMOTECA-4-DICIEMBRE-724x1024.jpg\" alt=\"\" width=\"474\" height=\"670\" \/><\/div>\n<div data-offset-key=\"1hccq-0-0\"><\/div>\n<div data-contents=\"true\">\n<div class=\"\" data-block=\"true\" data-editor=\"6rmmu\" data-offset-key=\"bimjl-0-0\">\n<div class=\"_1mf _1mj\" data-offset-key=\"bimjl-0-0\"><span data-offset-key=\"bimjl-0-0\">\u23fa <em>Sinopsis<\/em>: Florencia, principios del siglo XVI. Miguel \u00c1ngel vive momentos de angustia y \u00e9xtasis de su genio creativo, mientras dos familias nobles rivales se disputan su lealtad, la cual se pone a prueba cuando el Papa Le\u00f3n X, de la familia Medici, accede al papado y le entrega un nuevo encargo lucrativo: la fachada de la bas\u00edlica de San Lorenzo. Obligado a mentir con el fin de mantener los favores de ambas familias, Miguel \u00c1ngel es atormentado gradualmente por sospechas y alucinaciones que lo llevan a examinar su propia moral y sus fracasos art\u00edsticos. <\/span><\/div>\n<\/div>\n<\/div>\n<div class=\"_1mf _1mj\" data-offset-key=\"cipe0-0-0\"><span data-offset-key=\"cipe0-0-0\">\u00a0<\/span><\/div>\n<div data-offset-key=\"cipe0-0-0\">\n<p><iframe title=\"TRAILER &quot;MIGUEL \u00c1NGEL (EL PECADO)&quot; VOSE ESTRENO 6 DE MAYO\" width=\"500\" height=\"281\" src=\"https:\/\/www.youtube.com\/embed\/vRsgUXONWK0?feature=oembed\" frameborder=\"0\" allow=\"accelerometer; autoplay; clipboard-write; encrypted-media; gyroscope; picture-in-picture; web-share\" referrerpolicy=\"strict-origin-when-cross-origin\" allowfullscreen><\/iframe><\/p>\n<\/div>\n<div data-offset-key=\"cipe0-0-0\"><\/div>\n<div data-contents=\"true\">\n<div class=\"\" data-block=\"true\" data-editor=\"6rmmu\" data-offset-key=\"c976r-0-0\">\n<div class=\"_1mf _1mj\" data-offset-key=\"c976r-0-0\"><strong><em>Domingo 4 d<\/em><em>e diciembre. 19:30 horas.<\/em><\/strong><\/div>\n<\/div>\n<div class=\"\" data-block=\"true\" data-editor=\"6rmmu\" data-offset-key=\"d9un4-0-0\">\n<div class=\"_1mf _1mj\" data-offset-key=\"d9un4-0-0\"><span data-offset-key=\"d9un4-0-0\"><strong>Precio \u00fanico<\/strong>: 1,50\u20ac. No es necesaria reserva previa.<\/span><\/div>\n<\/div>\n<div class=\"\" data-block=\"true\" data-editor=\"6rmmu\" data-offset-key=\"4vu9a-0-0\">\n<div class=\"_1mf _1mj\" data-offset-key=\"4vu9a-0-0\"><span data-offset-key=\"4vu9a-0-0\">\u00a0<\/span><\/div>\n<\/div>\n<div class=\"\" data-block=\"true\" data-editor=\"6rmmu\" data-offset-key=\"5j4pg-0-0\">\n<div class=\"_1mf _1mj\" data-offset-key=\"5j4pg-0-0\"><span class=\"_5zk7\" spellcheck=\"false\" data-offset-key=\"5j4pg-6-0\"><span data-offset-key=\"5j4pg-6-0\">\u00a0<\/span><\/span><\/div>\n<\/div>\n<\/div>\n","protected":false},"excerpt":{"rendered":"<p>Este domingo vente al cine del Centro culturla Ram\u00f3n Pelayo, l Filmoteca Regional nos trae: \u00abMiguel \u00c1ngel (El pecado)\u00bb de Andrei Konchalovsky (italia). \u00a0 \u23fa Sinopsis: Florencia, principios del siglo [&hellip;]<\/p>\n","protected":false},"author":4,"featured_media":18031,"comment_status":"closed","ping_status":"closed","sticky":false,"template":"","format":"standard","meta":{"footnotes":""},"categories":[37],"tags":[104,105],"class_list":["post-12702","post","type-post","status-publish","format-standard","has-post-thumbnail","hentry","category-centro-cultural","tag-centro-cultural","tag-filmoteca-regional"],"_links":{"self":[{"href":"https:\/\/mediocudeyo.es\/web\/wp-json\/wp\/v2\/posts\/12702"}],"collection":[{"href":"https:\/\/mediocudeyo.es\/web\/wp-json\/wp\/v2\/posts"}],"about":[{"href":"https:\/\/mediocudeyo.es\/web\/wp-json\/wp\/v2\/types\/post"}],"author":[{"embeddable":true,"href":"https:\/\/mediocudeyo.es\/web\/wp-json\/wp\/v2\/users\/4"}],"replies":[{"embeddable":true,"href":"https:\/\/mediocudeyo.es\/web\/wp-json\/wp\/v2\/comments?post=12702"}],"version-history":[{"count":1,"href":"https:\/\/mediocudeyo.es\/web\/wp-json\/wp\/v2\/posts\/12702\/revisions"}],"predecessor-version":[{"id":18032,"href":"https:\/\/mediocudeyo.es\/web\/wp-json\/wp\/v2\/posts\/12702\/revisions\/18032"}],"wp:featuredmedia":[{"embeddable":true,"href":"https:\/\/mediocudeyo.es\/web\/wp-json\/wp\/v2\/media\/18031"}],"wp:attachment":[{"href":"https:\/\/mediocudeyo.es\/web\/wp-json\/wp\/v2\/media?parent=12702"}],"wp:term":[{"taxonomy":"category","embeddable":true,"href":"https:\/\/mediocudeyo.es\/web\/wp-json\/wp\/v2\/categories?post=12702"},{"taxonomy":"post_tag","embeddable":true,"href":"https:\/\/mediocudeyo.es\/web\/wp-json\/wp\/v2\/tags?post=12702"}],"curies":[{"name":"wp","href":"https:\/\/api.w.org\/{rel}","templated":true}]}}