{"id":12741,"date":"2022-12-14T18:20:05","date_gmt":"2022-12-14T17:20:05","guid":{"rendered":"http:\/\/mediocudeyo.es\/web\/?p=12741"},"modified":"2023-03-07T08:50:50","modified_gmt":"2023-03-07T08:50:50","slug":"nuevo-pase-para-la-obra-el-regalo-de-navidad","status":"publish","type":"post","link":"https:\/\/mediocudeyo.es\/web\/nuevo-pase-para-la-obra-el-regalo-de-navidad\/","title":{"rendered":"Nuevo pase para la obra \u00abEl regalo de navidad\u00bb"},"content":{"rendered":"<p>Como queremos que el mayor n\u00famero de familias disfruten de esta bonita experiencia, ampliamos con un nuevo pase la obra \u00abEl regalo de Navidad\u00bb: <strong>Viernes 23 de diciembre a las 17:30.<\/strong> <em>El pase de las 19:30 est\u00e1 completo<\/em>. ACTIVIDAD GRATUITA.<\/p>\n<p>Disfrutaremos una divertida obra infantil con los elfos m\u00e1s traviesos, despu\u00e9s los ni\u00f1os y las ni\u00f1as presentes podr\u00e1n entregar uno a uno su carta a Pap\u00e1 Noel.<\/p>\n<p><span data-offset-key=\"dt07o-0-0\">Reservas en Centro Cultural Ram\u00f3n Pelayo. S<strong>\u00f3lo se podr\u00e1n realizar de forma telef\u00f3nica o presencial<\/strong>:<\/span><span data-offset-key=\"9mh53-0-0\"> 942 522 685.<\/span><\/p>\n<p>&nbsp;<\/p>\n","protected":false},"excerpt":{"rendered":"<p>Como queremos que el mayor n\u00famero de familias disfruten de esta bonita experiencia, ampliamos con un nuevo pase la obra \u00abEl regalo de Navidad\u00bb: Viernes 23 de diciembre a las [&hellip;]<\/p>\n","protected":false},"author":4,"featured_media":19546,"comment_status":"closed","ping_status":"closed","sticky":false,"template":"","format":"standard","meta":{"footnotes":""},"categories":[42],"tags":[61,257,83],"class_list":["post-12741","post","type-post","status-publish","format-standard","has-post-thumbnail","hentry","category-festejos","tag-navidad","tag-papa-noel","tag-teatro"],"_links":{"self":[{"href":"https:\/\/mediocudeyo.es\/web\/wp-json\/wp\/v2\/posts\/12741"}],"collection":[{"href":"https:\/\/mediocudeyo.es\/web\/wp-json\/wp\/v2\/posts"}],"about":[{"href":"https:\/\/mediocudeyo.es\/web\/wp-json\/wp\/v2\/types\/post"}],"author":[{"embeddable":true,"href":"https:\/\/mediocudeyo.es\/web\/wp-json\/wp\/v2\/users\/4"}],"replies":[{"embeddable":true,"href":"https:\/\/mediocudeyo.es\/web\/wp-json\/wp\/v2\/comments?post=12741"}],"version-history":[{"count":2,"href":"https:\/\/mediocudeyo.es\/web\/wp-json\/wp\/v2\/posts\/12741\/revisions"}],"predecessor-version":[{"id":19547,"href":"https:\/\/mediocudeyo.es\/web\/wp-json\/wp\/v2\/posts\/12741\/revisions\/19547"}],"wp:featuredmedia":[{"embeddable":true,"href":"https:\/\/mediocudeyo.es\/web\/wp-json\/wp\/v2\/media\/19546"}],"wp:attachment":[{"href":"https:\/\/mediocudeyo.es\/web\/wp-json\/wp\/v2\/media?parent=12741"}],"wp:term":[{"taxonomy":"category","embeddable":true,"href":"https:\/\/mediocudeyo.es\/web\/wp-json\/wp\/v2\/categories?post=12741"},{"taxonomy":"post_tag","embeddable":true,"href":"https:\/\/mediocudeyo.es\/web\/wp-json\/wp\/v2\/tags?post=12741"}],"curies":[{"name":"wp","href":"https:\/\/api.w.org\/{rel}","templated":true}]}}