{"id":12826,"date":"2023-01-12T13:39:39","date_gmt":"2023-01-12T12:39:39","guid":{"rendered":"http:\/\/mediocudeyo.es\/web\/?p=12826"},"modified":"2023-03-07T09:00:55","modified_gmt":"2023-03-07T09:00:55","slug":"pospuesto","status":"publish","type":"post","link":"https:\/\/mediocudeyo.es\/web\/pospuesto\/","title":{"rendered":"Pospuesta la Inauguraci\u00f3n de la Biblioteca Antigua"},"content":{"rendered":"<p>Desde el Centro Cultural Ram\u00f3n Pelayo sentimos comunicar que el evento de la Inauguraci\u00f3n de la Biblioteca Antigua Ram\u00f3n Pelayo que iba a tener lugar ma\u00f1ana viernes 13 de enero queda pospuesto.<\/p>\n<p>Pronto anunciaremos la nueva fecha.\u00a0 Disculpen las molestias.<\/p>\n<p>&nbsp;<\/p>\n","protected":false},"excerpt":{"rendered":"<p>Desde el Centro Cultural Ram\u00f3n Pelayo sentimos comunicar que el evento de la Inauguraci\u00f3n de la Biblioteca Antigua Ram\u00f3n Pelayo que iba a tener lugar ma\u00f1ana viernes 13 de enero [&hellip;]<\/p>\n","protected":false},"author":4,"featured_media":19567,"comment_status":"closed","ping_status":"closed","sticky":false,"template":"","format":"standard","meta":{"footnotes":""},"categories":[37],"tags":[84,104,87],"class_list":["post-12826","post","type-post","status-publish","format-standard","has-post-thumbnail","hentry","category-centro-cultural","tag-biblioteca","tag-centro-cultural","tag-exposicion"],"_links":{"self":[{"href":"https:\/\/mediocudeyo.es\/web\/wp-json\/wp\/v2\/posts\/12826"}],"collection":[{"href":"https:\/\/mediocudeyo.es\/web\/wp-json\/wp\/v2\/posts"}],"about":[{"href":"https:\/\/mediocudeyo.es\/web\/wp-json\/wp\/v2\/types\/post"}],"author":[{"embeddable":true,"href":"https:\/\/mediocudeyo.es\/web\/wp-json\/wp\/v2\/users\/4"}],"replies":[{"embeddable":true,"href":"https:\/\/mediocudeyo.es\/web\/wp-json\/wp\/v2\/comments?post=12826"}],"version-history":[{"count":2,"href":"https:\/\/mediocudeyo.es\/web\/wp-json\/wp\/v2\/posts\/12826\/revisions"}],"predecessor-version":[{"id":19569,"href":"https:\/\/mediocudeyo.es\/web\/wp-json\/wp\/v2\/posts\/12826\/revisions\/19569"}],"wp:featuredmedia":[{"embeddable":true,"href":"https:\/\/mediocudeyo.es\/web\/wp-json\/wp\/v2\/media\/19567"}],"wp:attachment":[{"href":"https:\/\/mediocudeyo.es\/web\/wp-json\/wp\/v2\/media?parent=12826"}],"wp:term":[{"taxonomy":"category","embeddable":true,"href":"https:\/\/mediocudeyo.es\/web\/wp-json\/wp\/v2\/categories?post=12826"},{"taxonomy":"post_tag","embeddable":true,"href":"https:\/\/mediocudeyo.es\/web\/wp-json\/wp\/v2\/tags?post=12826"}],"curies":[{"name":"wp","href":"https:\/\/api.w.org\/{rel}","templated":true}]}}