{"id":12831,"date":"2023-01-12T17:55:46","date_gmt":"2023-01-12T16:55:46","guid":{"rendered":"http:\/\/mediocudeyo.es\/web\/?p=12831"},"modified":"2023-03-07T09:13:10","modified_gmt":"2023-03-07T09:13:10","slug":"fiestas-de-san-vicente-el-morcillero-de-cecenas","status":"publish","type":"post","link":"https:\/\/mediocudeyo.es\/web\/fiestas-de-san-vicente-el-morcillero-de-cecenas\/","title":{"rendered":"Fiestas de San Vicente el Morcillero de Cece\u00f1as"},"content":{"rendered":"<div class=\"\" data-block=\"true\" data-editor=\"49bcq\" data-offset-key=\"7hi97-0-0\">\n<div class=\"_1mf _1mj\" data-offset-key=\"7hi97-0-0\"><span data-offset-key=\"7hi97-0-0\">Llegan las fiestas de San Vicente el Morcillero de Cece\u00f1as<br \/>\n<\/span><\/div>\n<\/div>\n<div class=\"\" data-block=\"true\" data-editor=\"49bcq\" data-offset-key=\"f9puu-0-0\">\n<div class=\"_1mf _1mj\" data-offset-key=\"f9puu-0-0\"><span data-offset-key=\"f9puu-0-0\">\u00a0<\/span><\/div>\n<\/div>\n<div class=\"\" data-block=\"true\" data-editor=\"49bcq\" data-offset-key=\"cgrjv-0-0\">\n<div class=\"_1mf _1mj\" data-offset-key=\"a2kin-0-0\"><span data-offset-key=\"a2kin-0-0\">Los 21 y 22 de enero volveremos a disfrutar del buen ambiente, la m\u00fasica, la comida, la buena compa\u00f1\u00eda y del IV Concurso de Ollas Ferroviarias.Toda la informaci\u00f3n en los carteles.<\/span><\/div>\n<\/div>\n<div data-offset-key=\"a2kin-0-0\"><\/div>\n<div data-offset-key=\"a2kin-0-0\"><img fetchpriority=\"high\" decoding=\"async\" class=\"aligncenter wp-image-19572 size-full\" src=\"https:\/\/mediocudeyo.es\/web\/wp-content\/uploads\/2023\/01\/cecenas-fiestas-2-788x1024-1.jpeg\" alt=\"\" width=\"788\" height=\"1024\" srcset=\"https:\/\/mediocudeyo.es\/web\/wp-content\/uploads\/2023\/01\/cecenas-fiestas-2-788x1024-1.jpeg 788w, https:\/\/mediocudeyo.es\/web\/wp-content\/uploads\/2023\/01\/cecenas-fiestas-2-788x1024-1-231x300.jpeg 231w, https:\/\/mediocudeyo.es\/web\/wp-content\/uploads\/2023\/01\/cecenas-fiestas-2-788x1024-1-768x998.jpeg 768w\" sizes=\"(max-width: 788px) 100vw, 788px\" \/><\/div>\n","protected":false},"excerpt":{"rendered":"<p>Llegan las fiestas de San Vicente el Morcillero de Cece\u00f1as \u00a0 Los 21 y 22 de enero volveremos a disfrutar del buen ambiente, la m\u00fasica, la comida, la buena compa\u00f1\u00eda [&hellip;]<\/p>\n","protected":false},"author":4,"featured_media":19570,"comment_status":"closed","ping_status":"closed","sticky":false,"template":"","format":"standard","meta":{"footnotes":""},"categories":[42],"tags":[618,290,169],"class_list":["post-12831","post","type-post","status-publish","format-standard","has-post-thumbnail","hentry","category-festejos","tag-cecenas","tag-festejos","tag-fiestas"],"_links":{"self":[{"href":"https:\/\/mediocudeyo.es\/web\/wp-json\/wp\/v2\/posts\/12831"}],"collection":[{"href":"https:\/\/mediocudeyo.es\/web\/wp-json\/wp\/v2\/posts"}],"about":[{"href":"https:\/\/mediocudeyo.es\/web\/wp-json\/wp\/v2\/types\/post"}],"author":[{"embeddable":true,"href":"https:\/\/mediocudeyo.es\/web\/wp-json\/wp\/v2\/users\/4"}],"replies":[{"embeddable":true,"href":"https:\/\/mediocudeyo.es\/web\/wp-json\/wp\/v2\/comments?post=12831"}],"version-history":[{"count":2,"href":"https:\/\/mediocudeyo.es\/web\/wp-json\/wp\/v2\/posts\/12831\/revisions"}],"predecessor-version":[{"id":19573,"href":"https:\/\/mediocudeyo.es\/web\/wp-json\/wp\/v2\/posts\/12831\/revisions\/19573"}],"wp:featuredmedia":[{"embeddable":true,"href":"https:\/\/mediocudeyo.es\/web\/wp-json\/wp\/v2\/media\/19570"}],"wp:attachment":[{"href":"https:\/\/mediocudeyo.es\/web\/wp-json\/wp\/v2\/media?parent=12831"}],"wp:term":[{"taxonomy":"category","embeddable":true,"href":"https:\/\/mediocudeyo.es\/web\/wp-json\/wp\/v2\/categories?post=12831"},{"taxonomy":"post_tag","embeddable":true,"href":"https:\/\/mediocudeyo.es\/web\/wp-json\/wp\/v2\/tags?post=12831"}],"curies":[{"name":"wp","href":"https:\/\/api.w.org\/{rel}","templated":true}]}}