{"id":12901,"date":"2023-01-27T12:52:14","date_gmt":"2023-01-27T11:52:14","guid":{"rendered":"http:\/\/mediocudeyo.es\/web\/?p=12901"},"modified":"2023-03-07T09:23:25","modified_gmt":"2023-03-07T09:23:25","slug":"conferencia-sobre-el-colesterol","status":"publish","type":"post","link":"https:\/\/mediocudeyo.es\/web\/conferencia-sobre-el-colesterol\/","title":{"rendered":"Conferencia sobre el colesterol"},"content":{"rendered":"<p>La Asociaci\u00f3n <strong>AMASOL<\/strong> nos acerca al Centro Cultural la conferencia: <em><strong>\u00abEl colesterol y su influencia en nuestra salud a trav\u00e9s de la alimentaci\u00f3n'\u00bb<\/strong><\/em>, de la mano de la doctora <strong>Mar\u00eda Dolores Fern\u00e1ndez Gonz\u00e1lez<\/strong>.<\/p>\n<p>La ponente es doctora de Ciencias Qu\u00edmicas, farmac\u00e9utica, especialista en Bioqu\u00edmica Cl\u00ednica, ex-jefe de Servicio de An\u00e1lisis Cl\u00ednicos del Hospital Marqu\u00e9s de Valdecilla y acad\u00e9mica de la Real Academia de Medicina de Cantabria.<\/p>\n<p>El acto ser\u00e1 el<strong> jueves 9 de febrero<\/strong>, <strong>19:30 horas.<\/strong> E<em>ntrada libre hasta completar aforo<\/em>.<\/p>\n","protected":false},"excerpt":{"rendered":"<p>La Asociaci\u00f3n AMASOL nos acerca al Centro Cultural la conferencia: \u00abEl colesterol y su influencia en nuestra salud a trav\u00e9s de la alimentaci\u00f3n&#8217;\u00bb, de la mano de la doctora Mar\u00eda [&hellip;]<\/p>\n","protected":false},"author":4,"featured_media":19598,"comment_status":"closed","ping_status":"closed","sticky":false,"template":"","format":"standard","meta":{"footnotes":""},"categories":[37],"tags":[104,627,555,158],"class_list":["post-12901","post","type-post","status-publish","format-standard","has-post-thumbnail","hentry","category-centro-cultural","tag-centro-cultural","tag-colesterol","tag-conferencias","tag-salud"],"_links":{"self":[{"href":"https:\/\/mediocudeyo.es\/web\/wp-json\/wp\/v2\/posts\/12901"}],"collection":[{"href":"https:\/\/mediocudeyo.es\/web\/wp-json\/wp\/v2\/posts"}],"about":[{"href":"https:\/\/mediocudeyo.es\/web\/wp-json\/wp\/v2\/types\/post"}],"author":[{"embeddable":true,"href":"https:\/\/mediocudeyo.es\/web\/wp-json\/wp\/v2\/users\/4"}],"replies":[{"embeddable":true,"href":"https:\/\/mediocudeyo.es\/web\/wp-json\/wp\/v2\/comments?post=12901"}],"version-history":[{"count":1,"href":"https:\/\/mediocudeyo.es\/web\/wp-json\/wp\/v2\/posts\/12901\/revisions"}],"predecessor-version":[{"id":19599,"href":"https:\/\/mediocudeyo.es\/web\/wp-json\/wp\/v2\/posts\/12901\/revisions\/19599"}],"wp:featuredmedia":[{"embeddable":true,"href":"https:\/\/mediocudeyo.es\/web\/wp-json\/wp\/v2\/media\/19598"}],"wp:attachment":[{"href":"https:\/\/mediocudeyo.es\/web\/wp-json\/wp\/v2\/media?parent=12901"}],"wp:term":[{"taxonomy":"category","embeddable":true,"href":"https:\/\/mediocudeyo.es\/web\/wp-json\/wp\/v2\/categories?post=12901"},{"taxonomy":"post_tag","embeddable":true,"href":"https:\/\/mediocudeyo.es\/web\/wp-json\/wp\/v2\/tags?post=12901"}],"curies":[{"name":"wp","href":"https:\/\/api.w.org\/{rel}","templated":true}]}}