{"id":12907,"date":"2023-01-30T09:00:25","date_gmt":"2023-01-30T08:00:25","guid":{"rendered":"http:\/\/mediocudeyo.es\/web\/?p=12907"},"modified":"2023-03-07T09:24:28","modified_gmt":"2023-03-07T09:24:28","slug":"campus-urbano-semana-de-carnaval","status":"publish","type":"post","link":"https:\/\/mediocudeyo.es\/web\/campus-urbano-semana-de-carnaval\/","title":{"rendered":"Campus urbano semana de Carnaval"},"content":{"rendered":"<p><span data-offset-key=\"dmg9i-0-0\">La Concejal\u00eda de Cultura, Educaci\u00f3n, Juventud e Infancia abre<\/span> el plazo de inscripci\u00f3n para el Campus Urbano Medio Cudeyo para la <strong>semana no lectiva de febrero<\/strong>. La\u00a0 actividad est\u00e1 subvencionada por el Ministerio de Igualdad y la Direcci\u00f3n de la Mujer de Cantabria a trav\u00e9s del programa Corresponsables.<\/p>\n<p>El programa est\u00e1 destinado a menores de entre<em> 2 a\u00f1os (escolarizados) y 16 a\u00f1os.<\/em> E<strong>n caso de que los padres y madres se encuentren trabajando, en b\u00fasqueda activa de empleo o en formaci\u00f3n por el empleo, deber\u00e1n presentar certificado que lo justifique antes del 9 de febrero (criterio prioritario, no excluyente).<\/strong><\/p>\n<p><strong>La solicitud puede presentarse desde un formulario on-line pinchando <a href=\"https:\/\/forms.gle\/rkurZg15WffnQsRt8\">AQU\u00cd<\/a><\/strong><\/p>\n<p>Si tiene alg\u00fan problema con la solicitud puede realizarla con ayuda del personal del Punto de Informaci\u00f3n Municipal en el Centro Cultural Ram\u00f3n Pelayo.<\/p>\n<p>Tambi\u00e9n puede presentar la documentaci\u00f3n en el Centro Cultural Ram\u00f3n Pelayo en el<strong> formulario en papel<\/strong> que puede descargarse <a href=\"http:\/\/mediocudeyo.es\/web\/wp-content\/uploads\/2023\/01\/SOLICITUD-CAMPUS-URBANO-CARNAVAL-2023.docx\">SOLICITUD CAMPUS URBANO CARNAVAL 2023<\/a>.<\/p>\n<ul>\n<li><strong>FECHAS DE LA ACTIVIDAD<\/strong>: Del 20 al 24 de febrero (lunes a viernes).<\/li>\n<li><strong>PRECIO<\/strong>: GRATUITO<\/li>\n<li><strong>FECHAS DE SOLICITUD DE PLAZA<\/strong>: Del lunes 30 de enero al jueves 9 de febrero.<\/li>\n<li><strong>CRITERIOS DE ADMISI\u00d3N<\/strong>: En caso de que haya m\u00e1s solicitudes que plazas se tendr\u00e1n en cuenta los criterios antes se\u00f1alados (Programa Corresponsables).<\/li>\n<li><strong>FECHA DE PUBLICACI\u00d3N DE ADMITID@S<\/strong>: martes 14 de febrero (por la tarde).<\/li>\n<\/ul>\n<p><span class=\"x193iq5w xeuugli x13faqbe x1vvkbs x1xmvt09 x1lliihq x1s928wv xhkezso x1gmr53x x1cpjm7i x1fgarty x1943h6x xudqn12 x3x7a5m x6prxxf xvq8zen xo1l8bm xzsf02u x1yc453h\" dir=\"auto\"><span class=\"x3nfvp2 x1j61x8r x1fcty0u xdj266r xhhsvwb xat24cr xgzva0m xxymvpz xlup9mm x1kky2od\"><img decoding=\"async\" src=\"https:\/\/static.xx.fbcdn.net\/images\/emoji.php\/v9\/t8e\/1\/16\/2139.png\" alt=\"\u2139\ufe0f\" width=\"16\" height=\"16\" \/><\/span> M\u00e1s informaci\u00f3n: Centro Cultural Ram\u00f3n Pelayo 942 522 685 \/ centrocultural@mediocudeyo.es<\/span><\/p>\n","protected":false},"excerpt":{"rendered":"<p>La Concejal\u00eda de Cultura, Educaci\u00f3n, Juventud e Infancia abre el plazo de inscripci\u00f3n para el Campus Urbano Medio Cudeyo para la semana no lectiva de febrero. La\u00a0 actividad est\u00e1 subvencionada [&hellip;]<\/p>\n","protected":false},"author":4,"featured_media":19602,"comment_status":"closed","ping_status":"closed","sticky":false,"template":"","format":"standard","meta":{"footnotes":""},"categories":[39,46,47],"tags":[531,142,109,501],"class_list":["post-12907","post","type-post","status-publish","format-standard","has-post-thumbnail","hentry","category-educacion","category-igualdad","category-infancia","tag-campus-urbano","tag-carnaval","tag-conciliacion","tag-corresponsables"],"_links":{"self":[{"href":"https:\/\/mediocudeyo.es\/web\/wp-json\/wp\/v2\/posts\/12907"}],"collection":[{"href":"https:\/\/mediocudeyo.es\/web\/wp-json\/wp\/v2\/posts"}],"about":[{"href":"https:\/\/mediocudeyo.es\/web\/wp-json\/wp\/v2\/types\/post"}],"author":[{"embeddable":true,"href":"https:\/\/mediocudeyo.es\/web\/wp-json\/wp\/v2\/users\/4"}],"replies":[{"embeddable":true,"href":"https:\/\/mediocudeyo.es\/web\/wp-json\/wp\/v2\/comments?post=12907"}],"version-history":[{"count":1,"href":"https:\/\/mediocudeyo.es\/web\/wp-json\/wp\/v2\/posts\/12907\/revisions"}],"predecessor-version":[{"id":19603,"href":"https:\/\/mediocudeyo.es\/web\/wp-json\/wp\/v2\/posts\/12907\/revisions\/19603"}],"wp:featuredmedia":[{"embeddable":true,"href":"https:\/\/mediocudeyo.es\/web\/wp-json\/wp\/v2\/media\/19602"}],"wp:attachment":[{"href":"https:\/\/mediocudeyo.es\/web\/wp-json\/wp\/v2\/media?parent=12907"}],"wp:term":[{"taxonomy":"category","embeddable":true,"href":"https:\/\/mediocudeyo.es\/web\/wp-json\/wp\/v2\/categories?post=12907"},{"taxonomy":"post_tag","embeddable":true,"href":"https:\/\/mediocudeyo.es\/web\/wp-json\/wp\/v2\/tags?post=12907"}],"curies":[{"name":"wp","href":"https:\/\/api.w.org\/{rel}","templated":true}]}}