{"id":12943,"date":"2023-02-14T11:49:21","date_gmt":"2023-02-14T10:49:21","guid":{"rendered":"http:\/\/mediocudeyo.es\/web\/?p=12943"},"modified":"2023-03-07T11:54:57","modified_gmt":"2023-03-07T11:54:57","slug":"admitidos-al-campus-de-carnaval-2023","status":"publish","type":"post","link":"https:\/\/mediocudeyo.es\/web\/admitidos-al-campus-de-carnaval-2023\/","title":{"rendered":"Admitidos al campus de carnaval 2023"},"content":{"rendered":"<p>Las solicitudes admitidas para el Campus Urbano de Carnaval han sido <strong>avisados a lo largo de la ma\u00f1ana a trav\u00e9s de los correos electr\u00f3nicos <\/strong>de referencia que se han aportado al realizar la inscripci\u00f3n. Por favor revisen sus buzones, incluido el de SPAM.<\/p>\n<p><strong><u>IMPORTANTE<\/u><\/strong>: <strong>La actividad de los participantes de 5\u00ba y 6\u00ba de primaria y la ESO se desarrollar\u00e1 en el Centro Cultural Ram\u00f3n Pelayo. <\/strong>En caso de tener participantes en las dos sedes, no hay problema por realiza la entrada algo m\u00e1s tarde en el Centro cultural.<br \/>\nAgradecemos que en caso de no hacer uso del servicio nos avisen para una mejor organizaci\u00f3n de la actividad.<\/p>\n<p>A lo largo de <strong>esta semana recibir\u00e1n un nuevo correo electr\u00f3nico con una carta informativa<\/strong> en la que se explicar\u00e1 todo lo necesario para la semana.<\/p>\n","protected":false},"excerpt":{"rendered":"<p>Las solicitudes admitidas para el Campus Urbano de Carnaval han sido avisados a lo largo de la ma\u00f1ana a trav\u00e9s de los correos electr\u00f3nicos de referencia que se han aportado [&hellip;]<\/p>\n","protected":false},"author":4,"featured_media":19619,"comment_status":"closed","ping_status":"closed","sticky":false,"template":"","format":"standard","meta":{"footnotes":""},"categories":[39,41],"tags":[463,142,109,407,493],"class_list":["post-12943","post","type-post","status-publish","format-standard","has-post-thumbnail","hentry","category-educacion","category-familia","tag-campus","tag-carnaval","tag-conciliacion","tag-infancia","tag-ludoteca"],"_links":{"self":[{"href":"https:\/\/mediocudeyo.es\/web\/wp-json\/wp\/v2\/posts\/12943"}],"collection":[{"href":"https:\/\/mediocudeyo.es\/web\/wp-json\/wp\/v2\/posts"}],"about":[{"href":"https:\/\/mediocudeyo.es\/web\/wp-json\/wp\/v2\/types\/post"}],"author":[{"embeddable":true,"href":"https:\/\/mediocudeyo.es\/web\/wp-json\/wp\/v2\/users\/4"}],"replies":[{"embeddable":true,"href":"https:\/\/mediocudeyo.es\/web\/wp-json\/wp\/v2\/comments?post=12943"}],"version-history":[{"count":1,"href":"https:\/\/mediocudeyo.es\/web\/wp-json\/wp\/v2\/posts\/12943\/revisions"}],"predecessor-version":[{"id":19620,"href":"https:\/\/mediocudeyo.es\/web\/wp-json\/wp\/v2\/posts\/12943\/revisions\/19620"}],"wp:featuredmedia":[{"embeddable":true,"href":"https:\/\/mediocudeyo.es\/web\/wp-json\/wp\/v2\/media\/19619"}],"wp:attachment":[{"href":"https:\/\/mediocudeyo.es\/web\/wp-json\/wp\/v2\/media?parent=12943"}],"wp:term":[{"taxonomy":"category","embeddable":true,"href":"https:\/\/mediocudeyo.es\/web\/wp-json\/wp\/v2\/categories?post=12943"},{"taxonomy":"post_tag","embeddable":true,"href":"https:\/\/mediocudeyo.es\/web\/wp-json\/wp\/v2\/tags?post=12943"}],"curies":[{"name":"wp","href":"https:\/\/api.w.org\/{rel}","templated":true}]}}