{"id":12977,"date":"2023-02-17T12:57:25","date_gmt":"2023-02-17T11:57:25","guid":{"rendered":"http:\/\/mediocudeyo.es\/web\/?p=12977"},"modified":"2023-03-07T11:57:54","modified_gmt":"2023-03-07T11:57:54","slug":"calendario-8m-edio-cudeyo-2024","status":"publish","type":"post","link":"https:\/\/mediocudeyo.es\/web\/calendario-8m-edio-cudeyo-2024\/","title":{"rendered":"Calendario 8M-edio Cudeyo 2024"},"content":{"rendered":"<p>\u00bfQuieres aparecer en el <em><strong>Calendario 8M-edio Cudeyo para 202<\/strong><\/em>4?<\/p>\n<p>Este proyecto anual tan especial cuenta siempre con la participaci\u00f3n de vecinas y vecinos de nuestro municipio. En esta ocasi\u00f3n buscamos<strong> esas mujeres que admiramos, que importan, que son esenciales para nosotr@s.<\/strong><\/p>\n<p>Ap\u00fantate para hacerte una foto, sol@, en familia, con amigos&#8230; con esa mujer a la que admiras y cu\u00e9ntanos por qu\u00e9.<\/p>\n<p>De entre todas las personas apuntadas se elegir\u00e1n a las 12 que formen parte del calendario del pr\u00f3ximo a\u00f1o.<\/p>\n<p><strong>M\u00e1s informaci\u00f3n e inscripciones:<\/strong><\/p>\n<div dir=\"auto\"><span class=\"x3nfvp2 x1j61x8r x1fcty0u xdj266r xhhsvwb xat24cr xgzva0m xxymvpz xlup9mm x1kky2od\"><img decoding=\"async\" src=\"https:\/\/static.xx.fbcdn.net\/images\/emoji.php\/v9\/t28\/1\/16\/1f3eb.png\" alt=\"\" width=\"16\" height=\"16\" \/><\/span> Centro Cultural Ram\u00f3n Pelayo.<\/div>\n<div dir=\"auto\"><span class=\"x3nfvp2 x1j61x8r x1fcty0u xdj266r xhhsvwb xat24cr xgzva0m xxymvpz xlup9mm x1kky2od\"><img decoding=\"async\" src=\"https:\/\/static.xx.fbcdn.net\/images\/emoji.php\/v9\/td8\/1\/16\/1f4f2.png\" alt=\"\" width=\"16\" height=\"16\" \/><\/span> 942 522 685 (tel\u00e9fono y WhatsApp)<\/div>\n<div dir=\"auto\"><span class=\"x3nfvp2 x1j61x8r x1fcty0u xdj266r xhhsvwb xat24cr xgzva0m xxymvpz xlup9mm x1kky2od\"><img decoding=\"async\" src=\"https:\/\/static.xx.fbcdn.net\/images\/emoji.php\/v9\/tbe\/1\/16\/1f4e7.png\" alt=\"\" width=\"16\" height=\"16\" \/><\/span> centrocultural@mediocudeyo.es<\/div>\n<p>&nbsp;<\/p>\n","protected":false},"excerpt":{"rendered":"<p>\u00bfQuieres aparecer en el Calendario 8M-edio Cudeyo para 2024? Este proyecto anual tan especial cuenta siempre con la participaci\u00f3n de vecinas y vecinos de nuestro municipio. En esta ocasi\u00f3n buscamos [&hellip;]<\/p>\n","protected":false},"author":4,"featured_media":19630,"comment_status":"closed","ping_status":"closed","sticky":false,"template":"","format":"standard","meta":{"footnotes":""},"categories":[59],"tags":[441,635,68],"class_list":["post-12977","post","type-post","status-publish","format-standard","has-post-thumbnail","hentry","category-cultura","tag-8m","tag-calendario-8m","tag-igualdad"],"_links":{"self":[{"href":"https:\/\/mediocudeyo.es\/web\/wp-json\/wp\/v2\/posts\/12977"}],"collection":[{"href":"https:\/\/mediocudeyo.es\/web\/wp-json\/wp\/v2\/posts"}],"about":[{"href":"https:\/\/mediocudeyo.es\/web\/wp-json\/wp\/v2\/types\/post"}],"author":[{"embeddable":true,"href":"https:\/\/mediocudeyo.es\/web\/wp-json\/wp\/v2\/users\/4"}],"replies":[{"embeddable":true,"href":"https:\/\/mediocudeyo.es\/web\/wp-json\/wp\/v2\/comments?post=12977"}],"version-history":[{"count":1,"href":"https:\/\/mediocudeyo.es\/web\/wp-json\/wp\/v2\/posts\/12977\/revisions"}],"predecessor-version":[{"id":19631,"href":"https:\/\/mediocudeyo.es\/web\/wp-json\/wp\/v2\/posts\/12977\/revisions\/19631"}],"wp:featuredmedia":[{"embeddable":true,"href":"https:\/\/mediocudeyo.es\/web\/wp-json\/wp\/v2\/media\/19630"}],"wp:attachment":[{"href":"https:\/\/mediocudeyo.es\/web\/wp-json\/wp\/v2\/media?parent=12977"}],"wp:term":[{"taxonomy":"category","embeddable":true,"href":"https:\/\/mediocudeyo.es\/web\/wp-json\/wp\/v2\/categories?post=12977"},{"taxonomy":"post_tag","embeddable":true,"href":"https:\/\/mediocudeyo.es\/web\/wp-json\/wp\/v2\/tags?post=12977"}],"curies":[{"name":"wp","href":"https:\/\/api.w.org\/{rel}","templated":true}]}}