{"id":12981,"date":"2023-02-20T20:15:14","date_gmt":"2023-02-20T19:15:14","guid":{"rendered":"http:\/\/mediocudeyo.es\/web\/?p=12981"},"modified":"2023-03-07T11:58:35","modified_gmt":"2023-03-07T11:58:35","slug":"12981-2","status":"publish","type":"post","link":"https:\/\/mediocudeyo.es\/web\/12981-2\/","title":{"rendered":"Inauguraci\u00f3n \u00abBiblioteca Antigua del Marqu\u00e9s\u00bb"},"content":{"rendered":"<p>El\u00a0 Centro Cultural inaugura espacio, como colof\u00f3n final al a\u00f1o Ram\u00f3n Pelayo: \u00ab<strong>Biblioteca Antigua del Marqu\u00e9<\/strong>s\u00bb.<\/p>\n<p>En ella podremos ver libros y objetos de su colecci\u00f3n personal. Si quieres ser de l@s primer@s en visitarla, reserva tu visita guiada para el d\u00eda de la inauguraci\u00f3n (\u00a1muy limitadas!):<\/p>\n<p>&nbsp;<\/p>\n<p><strong>Viernes 3 de marzo.<\/strong><br \/>\n<em>Visitas guiadas de 15 min. (imprescindible reserva):<\/em><br \/>\n<em>o 20h<\/em><br \/>\n<em>o 20:15h<\/em><br \/>\n<em>o 20:30h<\/em><br \/>\n<em>o 20:45h<\/em><\/p>\n<p><strong>M\u00e1s informaci\u00f3n e inscripciones:<\/strong><br \/>\nCentro Cultural Ram\u00f3n Pelayo.942 522 685 \/ centrocultural@mediocudeyo.es<\/p>\n","protected":false},"excerpt":{"rendered":"<p>El\u00a0 Centro Cultural inaugura espacio, como colof\u00f3n final al a\u00f1o Ram\u00f3n Pelayo: \u00abBiblioteca Antigua del Marqu\u00e9s\u00bb. En ella podremos ver libros y objetos de su colecci\u00f3n personal. Si quieres ser [&hellip;]<\/p>\n","protected":false},"author":4,"featured_media":19632,"comment_status":"closed","ping_status":"closed","sticky":false,"template":"","format":"standard","meta":{"footnotes":""},"categories":[37],"tags":[84,104,556],"class_list":["post-12981","post","type-post","status-publish","format-standard","has-post-thumbnail","hentry","category-centro-cultural","tag-biblioteca","tag-centro-cultural","tag-marques-de-valdecilla"],"_links":{"self":[{"href":"https:\/\/mediocudeyo.es\/web\/wp-json\/wp\/v2\/posts\/12981"}],"collection":[{"href":"https:\/\/mediocudeyo.es\/web\/wp-json\/wp\/v2\/posts"}],"about":[{"href":"https:\/\/mediocudeyo.es\/web\/wp-json\/wp\/v2\/types\/post"}],"author":[{"embeddable":true,"href":"https:\/\/mediocudeyo.es\/web\/wp-json\/wp\/v2\/users\/4"}],"replies":[{"embeddable":true,"href":"https:\/\/mediocudeyo.es\/web\/wp-json\/wp\/v2\/comments?post=12981"}],"version-history":[{"count":1,"href":"https:\/\/mediocudeyo.es\/web\/wp-json\/wp\/v2\/posts\/12981\/revisions"}],"predecessor-version":[{"id":19633,"href":"https:\/\/mediocudeyo.es\/web\/wp-json\/wp\/v2\/posts\/12981\/revisions\/19633"}],"wp:featuredmedia":[{"embeddable":true,"href":"https:\/\/mediocudeyo.es\/web\/wp-json\/wp\/v2\/media\/19632"}],"wp:attachment":[{"href":"https:\/\/mediocudeyo.es\/web\/wp-json\/wp\/v2\/media?parent=12981"}],"wp:term":[{"taxonomy":"category","embeddable":true,"href":"https:\/\/mediocudeyo.es\/web\/wp-json\/wp\/v2\/categories?post=12981"},{"taxonomy":"post_tag","embeddable":true,"href":"https:\/\/mediocudeyo.es\/web\/wp-json\/wp\/v2\/tags?post=12981"}],"curies":[{"name":"wp","href":"https:\/\/api.w.org\/{rel}","templated":true}]}}