{"id":13011,"date":"2023-02-22T16:31:14","date_gmt":"2023-02-22T15:31:14","guid":{"rendered":"http:\/\/mediocudeyo.es\/web\/?p=13011"},"modified":"2023-03-07T12:00:23","modified_gmt":"2023-03-07T12:00:23","slug":"animacion-a-la-lectura-en-la-pequeteca","status":"publish","type":"post","link":"https:\/\/mediocudeyo.es\/web\/animacion-a-la-lectura-en-la-pequeteca\/","title":{"rendered":"Animaci\u00f3n a la lectura en la Pequeteca"},"content":{"rendered":"<div data-contents=\"true\">\n<div class=\"\" data-block=\"true\" data-editor=\"6jfu4\" data-offset-key=\"egqgn-0-0\">\n<div class=\"_1mf _1mj\" data-offset-key=\"egqgn-0-0\" data-auto-logging-id=\"f313d7ab76bcabc\"><span data-offset-key=\"egqgn-0-0\">En marzo la Pequeteca ofrecer\u00e1 una programaci\u00f3n muy especial en sus actividades de animaci\u00f3n a a la lectura de todos los viernes \u00a1que no se lo pierdan tus peques!<br \/>\n<\/span><\/div>\n<\/div>\n<\/div>\n<div class=\"_1mf _1mj\" data-offset-key=\"asuh8-0-0\"><span data-offset-key=\"asuh8-0-0\">\u00a0<\/span><\/div>\n<div data-offset-key=\"asuh8-0-0\"><\/div>\n<div data-contents=\"true\">\n<div class=\"\" data-block=\"true\" data-editor=\"6jfu4\" data-offset-key=\"b8sce-0-0\">\n<div class=\"_1mf _1mj\" data-offset-key=\"b8sce-0-0\" data-auto-logging-id=\"f23490407ca3ffa\"><span data-offset-key=\"b8sce-0-0\"> El plazo de inscripci\u00f3n para cada actividad se abre los jueves de una semana antes.<\/span><\/div>\n<\/div>\n<div class=\"\" data-block=\"true\" data-editor=\"6jfu4\" data-offset-key=\"96i8b-0-0\">\n<div class=\"_1mf _1mj\" data-offset-key=\"96i8b-0-0\"><span data-offset-key=\"96i8b-0-0\">\u00a0<\/span><\/div>\n<\/div>\n<div class=\"\" data-block=\"true\" data-editor=\"6jfu4\" data-offset-key=\"3dc17-0-0\">\n<div class=\"_1mf _1mj\" data-offset-key=\"3dc17-0-0\" data-auto-logging-id=\"f24da73113ee8fc\"><span data-offset-key=\"3dc17-0-0\">\u27a1 Dos turnos: Infantil (desde 3 a\u00f1os) y primaria.<\/span><\/div>\n<\/div>\n<div class=\"\" data-block=\"true\" data-editor=\"6jfu4\" data-offset-key=\"3tkcr-0-0\">\n<div class=\"_1mf _1mj\" data-offset-key=\"3tkcr-0-0\"><span data-offset-key=\"3tkcr-0-0\">\u00a0<\/span><\/div>\n<\/div>\n<div class=\"\" data-block=\"true\" data-editor=\"6jfu4\" data-offset-key=\"8gtf8-0-0\">\n<div class=\"_1mf _1mj\" data-offset-key=\"8gtf8-0-0\" data-auto-logging-id=\"f3b953096075e46\"><span data-offset-key=\"8gtf8-0-0\">\u2139\ufe0f Actividad GRATUITA. . Plazas limitadas.<\/span><\/div>\n<\/div>\n<div class=\"\" data-block=\"true\" data-editor=\"6jfu4\" data-offset-key=\"ae1nq-0-0\">\n<div class=\"_1mf _1mj\" data-offset-key=\"ae1nq-0-0\"><span data-offset-key=\"ae1nq-0-0\">\u00a0<\/span><\/div>\n<\/div>\n<div class=\"\" data-block=\"true\" data-editor=\"6jfu4\" data-offset-key=\"arf5u-0-0\">\n<div class=\"_1mf _1mj\" data-offset-key=\"arf5u-0-0\" data-auto-logging-id=\"fe0b9a68081aba\"><span data-offset-key=\"arf5u-0-0\"> El jueves previo a la actividad se llamar\u00e1 s\u00f3lo a las personas que hayan obtenido plaza.<\/span><\/div>\n<\/div>\n<div class=\"\" data-block=\"true\" data-editor=\"6jfu4\" data-offset-key=\"dmnvb-0-0\">\n<div class=\"_1mf _1mj\" data-offset-key=\"dmnvb-0-0\"><span data-offset-key=\"dmnvb-0-0\">\u00a0<\/span><\/div>\n<\/div>\n<div class=\"\" data-block=\"true\" data-editor=\"6jfu4\" data-offset-key=\"25uds-0-0\">\n<div class=\"_1mf _1mj\" data-offset-key=\"25uds-0-0\"><span data-offset-key=\"25uds-0-0\">\u27a1\ufe0f Imprescindible inscribirse:<\/span><\/div>\n<\/div>\n<div class=\"\" data-block=\"true\" data-editor=\"6jfu4\" data-offset-key=\"av43i-0-0\">\n<div class=\"_1mf _1mj\" data-offset-key=\"av43i-0-0\"><span data-offset-key=\"av43i-0-0\">\u260e 942 52 26 85 (Tambi\u00e9n por WhatsApp al mismo n\u00famero)<\/span><\/div>\n<\/div>\n<div class=\"\" data-block=\"true\" data-editor=\"6jfu4\" data-offset-key=\"8ve78-0-0\">\n<div class=\"_1mf _1mj\" data-offset-key=\"8ve78-0-0\"><span data-offset-key=\"8ve78-0-0\">Centrocultural@mediocudeyo.es<\/span><\/div>\n<\/div>\n<div class=\"\" data-block=\"true\" data-editor=\"6jfu4\" data-offset-key=\"104qm-0-0\">\n<div class=\"_1mf _1mj\" data-offset-key=\"104qm-0-0\"><span data-offset-key=\"104qm-0-0\">\ufe0f<\/span><\/div>\n<\/div>\n<div class=\"\" data-block=\"true\" data-editor=\"6jfu4\" data-offset-key=\"b2v2e-0-0\">\n<div class=\"_1mf _1mj\" data-offset-key=\"b2v2e-0-0\" data-auto-logging-id=\"f3fcdabf3f40a72\"><span data-offset-key=\"b2v2e-0-0\">\u26a0\ufe0f Para realizar la reserva es necesario aportar los siguientes datos de: nombre completo, edad, tel\u00e9fono de contacto y municipio de empadronamiento.<\/span><\/div>\n<\/div>\n<div class=\"\" data-block=\"true\" data-editor=\"6jfu4\" data-offset-key=\"6s6qi-0-0\">\n<div class=\"_1mf _1mj\" data-offset-key=\"6s6qi-0-0\"><span data-offset-key=\"6s6qi-0-0\">\u00a0<\/span><\/div>\n<\/div>\n<div class=\"\" data-block=\"true\" data-editor=\"6jfu4\" data-offset-key=\"bb7di-0-0\">\n<div class=\"_1mf _1mj\" data-offset-key=\"bb7di-0-0\"><span class=\"_5zk7\" spellcheck=\"false\" data-offset-key=\"bb7di-0-0\"><span data-offset-key=\"bb7di-0-0\">\u00a0<\/span><\/span><\/div>\n<\/div>\n<\/div>\n","protected":false},"excerpt":{"rendered":"<p>En marzo la Pequeteca ofrecer\u00e1 una programaci\u00f3n muy especial en sus actividades de animaci\u00f3n a a la lectura de todos los viernes \u00a1que no se lo pierdan tus peques! \u00a0 [&hellip;]<\/p>\n","protected":false},"author":4,"featured_media":19636,"comment_status":"closed","ping_status":"closed","sticky":false,"template":"","format":"standard","meta":{"footnotes":""},"categories":[35,37],"tags":[178,84,104,407,552],"class_list":["post-13011","post","type-post","status-publish","format-standard","has-post-thumbnail","hentry","category-biblioteca","category-centro-cultural","tag-animacion-a-la-lectura","tag-biblioteca","tag-centro-cultural","tag-infancia","tag-pequeteca"],"_links":{"self":[{"href":"https:\/\/mediocudeyo.es\/web\/wp-json\/wp\/v2\/posts\/13011"}],"collection":[{"href":"https:\/\/mediocudeyo.es\/web\/wp-json\/wp\/v2\/posts"}],"about":[{"href":"https:\/\/mediocudeyo.es\/web\/wp-json\/wp\/v2\/types\/post"}],"author":[{"embeddable":true,"href":"https:\/\/mediocudeyo.es\/web\/wp-json\/wp\/v2\/users\/4"}],"replies":[{"embeddable":true,"href":"https:\/\/mediocudeyo.es\/web\/wp-json\/wp\/v2\/comments?post=13011"}],"version-history":[{"count":1,"href":"https:\/\/mediocudeyo.es\/web\/wp-json\/wp\/v2\/posts\/13011\/revisions"}],"predecessor-version":[{"id":19637,"href":"https:\/\/mediocudeyo.es\/web\/wp-json\/wp\/v2\/posts\/13011\/revisions\/19637"}],"wp:featuredmedia":[{"embeddable":true,"href":"https:\/\/mediocudeyo.es\/web\/wp-json\/wp\/v2\/media\/19636"}],"wp:attachment":[{"href":"https:\/\/mediocudeyo.es\/web\/wp-json\/wp\/v2\/media?parent=13011"}],"wp:term":[{"taxonomy":"category","embeddable":true,"href":"https:\/\/mediocudeyo.es\/web\/wp-json\/wp\/v2\/categories?post=13011"},{"taxonomy":"post_tag","embeddable":true,"href":"https:\/\/mediocudeyo.es\/web\/wp-json\/wp\/v2\/tags?post=13011"}],"curies":[{"name":"wp","href":"https:\/\/api.w.org\/{rel}","templated":true}]}}