{"id":13014,"date":"2023-02-23T13:37:53","date_gmt":"2023-02-23T12:37:53","guid":{"rendered":"http:\/\/mediocudeyo.es\/web\/?p=13014"},"modified":"2023-03-07T12:00:55","modified_gmt":"2023-03-07T12:00:55","slug":"filmoteca-flee","status":"publish","type":"post","link":"https:\/\/mediocudeyo.es\/web\/filmoteca-flee\/","title":{"rendered":"Filmoteca: \u00abFlee\u00bb"},"content":{"rendered":"<div class=\"x11i5rnm xat24cr x1mh8g0r x1vvkbs xdj266r\">\n<div class=\"\" data-block=\"true\" data-editor=\"fen9o\" data-offset-key=\"6i14h-0-0\">\n<div class=\"_1mf _1mj\" data-offset-key=\"6i14h-0-0\" data-auto-logging-id=\"f3e8c23ba881148\"><span data-offset-key=\"6i14h-0-0\">Este domingo tienes una nueva cita con el cine de la Filmoteca Regional en el Centro Cultural Ram\u00f3n Pelayo: <strong>\u00ab<em>Flee<\/em>\u00bb de Jonas Poher<\/strong> (<em>Dinamarca<\/em>).<\/span><\/div>\n<\/div>\n<\/div>\n<div class=\"x11i5rnm xat24cr x1mh8g0r x1vvkbs xdj266r\">\n<div class=\"\" data-block=\"true\" data-editor=\"fen9o\" data-offset-key=\"e3rd5-0-0\">\n<div class=\"_1mf _1mj\" data-offset-key=\"e3rd5-0-0\"><\/div>\n<\/div>\n<\/div>\n<div class=\"x11i5rnm xat24cr x1mh8g0r x1vvkbs xtlvy1s\"><span class=\"x3nfvp2 x1j61x8r x1fcty0u xdj266r xhhsvwb xat24cr xgzva0m xxymvpz xlup9mm x1kky2od\"><img decoding=\"async\" src=\"https:\/\/static.xx.fbcdn.net\/images\/emoji.php\/v9\/te5\/1\/16\/23fa.png\" alt=\"\u23fa\" width=\"16\" height=\"16\" \/><\/span> <strong>Sinopsis<\/strong>: Un refugiado afgano residente en Dinamarca acepta contar su historia personal con la condici\u00f3n de que no se revele su identidad. Para lograr tal prop\u00f3sito, el director decidi\u00f3 emplear un estilo de animaci\u00f3n que no s\u00f3lo proteg\u00eda al protagonista, sino que potenciaba su historia. (FILMAFFINITY)<\/div>\n<div><\/div>\n<div class=\"x11i5rnm xat24cr x1mh8g0r x1vvkbs xtlvy1s\"><span class=\"x3nfvp2 x1j61x8r x1fcty0u xdj266r xhhsvwb xat24cr xgzva0m xxymvpz xlup9mm x1kky2od\"><img decoding=\"async\" src=\"https:\/\/static.xx.fbcdn.net\/images\/emoji.php\/v9\/te5\/1\/16\/23fa.png\" alt=\"\u23fa\" width=\"16\" height=\"16\" \/><\/span> <strong>Trailer<\/strong>:<\/div>\n<div><\/div>\n<div>\n<p><iframe title=\"Flee - Trailer subtitulado en espan\u0303ol\" width=\"500\" height=\"281\" src=\"https:\/\/www.youtube.com\/embed\/Ov9fUhwEnGc?feature=oembed\" frameborder=\"0\" allow=\"accelerometer; autoplay; clipboard-write; encrypted-media; gyroscope; picture-in-picture; web-share\" referrerpolicy=\"strict-origin-when-cross-origin\" allowfullscreen><\/iframe><\/p>\n<\/div>\n<div><\/div>\n<div class=\"x11i5rnm xat24cr x1mh8g0r x1vvkbs xtlvy1s\"><span class=\"x3nfvp2 x1j61x8r x1fcty0u xdj266r xhhsvwb xat24cr xgzva0m xxymvpz xlup9mm x1kky2od\"><img decoding=\"async\" src=\"https:\/\/static.xx.fbcdn.net\/images\/emoji.php\/v9\/te5\/1\/16\/23fa.png\" alt=\"\u23fa\" width=\"16\" height=\"16\" \/><\/span> Toda la cartelera de la Filmoteca: <a class=\"x1i10hfl xjbqb8w x6umtig x1b1mbwd xaqea5y xav7gou x9f619 x1ypdohk xt0psk2 xe8uvvx xdj266r x11i5rnm xat24cr x1mh8g0r xexx8yu x4uap5 x18d9i69 xkhd6sd x16tdsg8 x1hl2dhg xggy1nq x1a2a7pz xt0b8zv x1fey0fg\" tabindex=\"0\" role=\"link\" href=\"https:\/\/filmotecacantabria.es\/es\/filmoteca-regional\/?fbclid=IwAR0e2OM4qkmJoy6piyp-MJrHTLYNJGt3K1XBfF2r63q-UX8y3wAPanQI_ck\" target=\"_blank\" rel=\"nofollow noopener noreferrer\">https:\/\/filmotecacantabria.es\/es\/filmoteca-regional\/<\/a><\/div>\n<div><\/div>\n<div><\/div>\n<div class=\"x11i5rnm xat24cr x1mh8g0r x1vvkbs xtlvy1s\">Domingo 26 de febrero. 19:30 horas.<br \/>\n<span class=\"x3nfvp2 x1j61x8r x1fcty0u xdj266r xhhsvwb xat24cr xgzva0m xxymvpz xlup9mm x1kky2od\"><img decoding=\"async\" src=\"https:\/\/static.xx.fbcdn.net\/images\/emoji.php\/v9\/t8e\/1\/16\/2139.png\" alt=\"\u2139\ufe0f\" width=\"16\" height=\"16\" \/><\/span> Precio \u00fanico: 1,50\u20ac. No es necesaria reserva previa<\/div>\n<p>&nbsp;<\/p>\n","protected":false},"excerpt":{"rendered":"<p>Este domingo tienes una nueva cita con el cine de la Filmoteca Regional en el Centro Cultural Ram\u00f3n Pelayo: \u00abFlee\u00bb de Jonas Poher (Dinamarca). Sinopsis: Un refugiado afgano residente en [&hellip;]<\/p>\n","protected":false},"author":4,"featured_media":19638,"comment_status":"closed","ping_status":"closed","sticky":false,"template":"","format":"standard","meta":{"footnotes":""},"categories":[37],"tags":[104,116,117],"class_list":["post-13014","post","type-post","status-publish","format-standard","has-post-thumbnail","hentry","category-centro-cultural","tag-centro-cultural","tag-cine","tag-filmoteca"],"_links":{"self":[{"href":"https:\/\/mediocudeyo.es\/web\/wp-json\/wp\/v2\/posts\/13014"}],"collection":[{"href":"https:\/\/mediocudeyo.es\/web\/wp-json\/wp\/v2\/posts"}],"about":[{"href":"https:\/\/mediocudeyo.es\/web\/wp-json\/wp\/v2\/types\/post"}],"author":[{"embeddable":true,"href":"https:\/\/mediocudeyo.es\/web\/wp-json\/wp\/v2\/users\/4"}],"replies":[{"embeddable":true,"href":"https:\/\/mediocudeyo.es\/web\/wp-json\/wp\/v2\/comments?post=13014"}],"version-history":[{"count":1,"href":"https:\/\/mediocudeyo.es\/web\/wp-json\/wp\/v2\/posts\/13014\/revisions"}],"predecessor-version":[{"id":19639,"href":"https:\/\/mediocudeyo.es\/web\/wp-json\/wp\/v2\/posts\/13014\/revisions\/19639"}],"wp:featuredmedia":[{"embeddable":true,"href":"https:\/\/mediocudeyo.es\/web\/wp-json\/wp\/v2\/media\/19638"}],"wp:attachment":[{"href":"https:\/\/mediocudeyo.es\/web\/wp-json\/wp\/v2\/media?parent=13014"}],"wp:term":[{"taxonomy":"category","embeddable":true,"href":"https:\/\/mediocudeyo.es\/web\/wp-json\/wp\/v2\/categories?post=13014"},{"taxonomy":"post_tag","embeddable":true,"href":"https:\/\/mediocudeyo.es\/web\/wp-json\/wp\/v2\/tags?post=13014"}],"curies":[{"name":"wp","href":"https:\/\/api.w.org\/{rel}","templated":true}]}}