{"id":13024,"date":"2023-02-24T17:21:45","date_gmt":"2023-02-24T16:21:45","guid":{"rendered":"http:\/\/mediocudeyo.es\/web\/?p=13024"},"modified":"2023-03-07T12:02:03","modified_gmt":"2023-03-07T12:02:03","slug":"paternidad-el-valor-de-los-cuidados","status":"publish","type":"post","link":"https:\/\/mediocudeyo.es\/web\/paternidad-el-valor-de-los-cuidados\/","title":{"rendered":"\u00abPaternidad, el valor de los cuidados\u00bb"},"content":{"rendered":"<div class=\"\" data-block=\"true\" data-editor=\"8dpqh\" data-offset-key=\"1njru-0-0\"><\/div>\n<div class=\"\" data-block=\"true\" data-editor=\"8dpqh\" data-offset-key=\"6916a-0-0\">\n<div class=\"_1mf _1mj\" data-offset-key=\"6916a-0-0\"><span data-offset-key=\"6916a-0-0\">Estrenamos en Medio Cudeyo un <strong>espacio para padres<\/strong>. Un lugar donde hablar de crianza, de emociones y corresponsabilidad.<\/span><\/div>\n<\/div>\n<div class=\"\" data-block=\"true\" data-editor=\"8dpqh\" data-offset-key=\"ee11m-0-0\">\n<div data-offset-key=\"7qvm3-0-0\"><\/div>\n<div class=\"_1mf _1mj\" data-offset-key=\"7qvm3-0-0\"><span data-offset-key=\"7qvm3-0-0\">Conducido por la psic\u00f3loga Raquel Mu\u00f1oz Garc\u00eda, tendr\u00e1 lugar los <strong>jueves del mes de marzo<\/strong> de <strong>18:30 a 20:00 horas<\/strong> (D\u00edas 2, 9, 16 y 23).<\/span><\/div>\n<\/div>\n<div class=\"\" data-block=\"true\" data-editor=\"8dpqh\" data-offset-key=\"4p44p-0-0\">\n<div class=\"_1mf _1mj\" data-offset-key=\"4p44p-0-0\"><span data-offset-key=\"4p44p-0-0\">\u00a0<\/span><\/div>\n<\/div>\n<div class=\"\" data-block=\"true\" data-editor=\"8dpqh\" data-offset-key=\"7hckd-0-0\">\n<div class=\"_1mf _1mj\" data-offset-key=\"7hckd-0-0\"><span data-offset-key=\"7hckd-0-0\">\u2139\ufe0f M\u00e1s informaci\u00f3n e inscripciones en Servicios Sociales: \u260e\ufe0f 942 522 529.<\/span><\/div>\n<\/div>\n","protected":false},"excerpt":{"rendered":"<p>Estrenamos en Medio Cudeyo un espacio para padres. Un lugar donde hablar de crianza, de emociones y corresponsabilidad. Conducido por la psic\u00f3loga Raquel Mu\u00f1oz Garc\u00eda, tendr\u00e1 lugar los jueves del [&hellip;]<\/p>\n","protected":false},"author":4,"featured_media":19643,"comment_status":"closed","ping_status":"closed","sticky":false,"template":"","format":"standard","meta":{"footnotes":""},"categories":[55],"tags":[637,638,68],"class_list":["post-13024","post","type-post","status-publish","format-standard","has-post-thumbnail","hentry","category-servicios-sociales","tag-corresponsabilidad","tag-crianza","tag-igualdad"],"_links":{"self":[{"href":"https:\/\/mediocudeyo.es\/web\/wp-json\/wp\/v2\/posts\/13024"}],"collection":[{"href":"https:\/\/mediocudeyo.es\/web\/wp-json\/wp\/v2\/posts"}],"about":[{"href":"https:\/\/mediocudeyo.es\/web\/wp-json\/wp\/v2\/types\/post"}],"author":[{"embeddable":true,"href":"https:\/\/mediocudeyo.es\/web\/wp-json\/wp\/v2\/users\/4"}],"replies":[{"embeddable":true,"href":"https:\/\/mediocudeyo.es\/web\/wp-json\/wp\/v2\/comments?post=13024"}],"version-history":[{"count":2,"href":"https:\/\/mediocudeyo.es\/web\/wp-json\/wp\/v2\/posts\/13024\/revisions"}],"predecessor-version":[{"id":19644,"href":"https:\/\/mediocudeyo.es\/web\/wp-json\/wp\/v2\/posts\/13024\/revisions\/19644"}],"wp:featuredmedia":[{"embeddable":true,"href":"https:\/\/mediocudeyo.es\/web\/wp-json\/wp\/v2\/media\/19643"}],"wp:attachment":[{"href":"https:\/\/mediocudeyo.es\/web\/wp-json\/wp\/v2\/media?parent=13024"}],"wp:term":[{"taxonomy":"category","embeddable":true,"href":"https:\/\/mediocudeyo.es\/web\/wp-json\/wp\/v2\/categories?post=13024"},{"taxonomy":"post_tag","embeddable":true,"href":"https:\/\/mediocudeyo.es\/web\/wp-json\/wp\/v2\/tags?post=13024"}],"curies":[{"name":"wp","href":"https:\/\/api.w.org\/{rel}","templated":true}]}}