{"id":1304,"date":"2017-02-07T20:40:33","date_gmt":"2017-02-07T19:40:33","guid":{"rendered":"http:\/\/mediocudeyo.es\/web\/?p=1304"},"modified":"2017-02-07T20:40:33","modified_gmt":"2017-02-07T19:40:33","slug":"filmoteca-arrebatados","status":"publish","type":"post","link":"https:\/\/mediocudeyo.es\/web\/filmoteca-arrebatados\/","title":{"rendered":"FILMOTECA: ARREBATADOS"},"content":{"rendered":"<p><img fetchpriority=\"high\" decoding=\"async\" class=\"alignnone size-full wp-image-1305\" src=\"http:\/\/mediocudeyo.es\/web\/wp-content\/uploads\/2017\/02\/39-Arrebatados-CARTEL-217x300.jpg\" alt=\"39-arrebatados-cartel-217x300\" width=\"217\" height=\"300\" \/><\/p>\n<p>Lunes 20 de febrero, 20:00 h. Centro Cultural Ram\u00f3n Pelayo (Solares). Precio \u00fanico 2.50\u20ac<\/p>\n<p><!--more--><\/p>\n<p>T\u00cdTULO ORIGINAL: ARREBATADOS \u00b7 ESPA\u00d1A 2014 \u00b7 DURACI\u00d3N: 51 MINUTOS<\/p>\n<p>CALIFICACI\u00d3N: APTA PARA TODOS LOS P\u00daBLICOS.<\/p>\n<div class=\"entry-content-wrapper clearfix\">\n<div class=\"flex_column av_one_third flex_column_div av-zero-column-padding avia-builder-el-8 el_after_av_two_third el_before_av_hr \">\n<div class=\"hr hr-invisible avia-builder-el-10 el_after_av_image el_before_av_icon_box \"><\/div>\n<article class=\"iconbox iconbox_left avia-builder-el-11 el_after_av_hr el_before_av_icon_box \">\n<div class=\"iconbox_content\">\n<header class=\"entry-content-header\">\n<div class=\"iconbox_icon heading-color\" data-av_icon=\"\ue80d\" data-av_iconfont=\"entypo-fontello\"><\/div>\n<h3 class=\"iconbox_content_title\">FICHA ART\u00cdSTICA<\/h3>\n<\/header>\n<div class=\"iconbox_content_container \">\n<p>Documental<\/p>\n<\/div>\n<\/div>\n<footer class=\"entry-footer\"><\/footer>\n<\/article>\n<article class=\"iconbox iconbox_left avia-builder-el-12 el_after_av_icon_box avia-builder-el-last \">\n<div class=\"iconbox_content\">\n<header class=\"entry-content-header\">\n<div class=\"iconbox_icon heading-color\" data-av_icon=\"\ue80b\" data-av_iconfont=\"entypo-fontello\"><\/div>\n<h3 class=\"iconbox_content_title\">FICHA T\u00c9CNICA<\/h3>\n<\/header>\n<div class=\"iconbox_content_container \">\n<p><strong>Director:<\/strong> Pedro Gonz\u00e1lez Berm\u00fadez<br \/>\n<strong>Gui\u00f3n:<\/strong> Jorge Guerricaechevarr\u00eda<\/p>\n<\/div>\n<\/div>\n<footer class=\"entry-footer\"><\/footer>\n<\/article>\n<\/div>\n<div class=\"hr hr-default avia-builder-el-13 el_after_av_one_third avia-builder-el-last \"><\/div>\n<\/div>\n<section class=\"av_textblock_section\">\n<div class=\"avia_textblock \">\n<h5><strong>SINOPSIS: <\/strong><\/h5>\n<p>Este documental naci\u00f3 como un homenaje a Iv\u00e1n Zulueta, pero termin\u00f3 convirti\u00e9ndose en el retrato de una amistad: colaboradores y amigos de Zulueta como Pedro Almod\u00f3var, Jos\u00e9 Luis Borau, Julio Medem o Antonio Gasset tratan de borrar la imagen de \u201cmaldito\u201d que adquiri\u00f3 el director en sus \u00faltimos a\u00f1os y lo recuerdan como un hombre vital, creativo y muy divertido.<\/p>\n<p>&nbsp;<\/p>\n<\/div>\n<\/section>\n<p>&nbsp;<\/p>\n","protected":false},"excerpt":{"rendered":"<p>Lunes 20 de febrero, 20:00 h. Centro Cultural Ram\u00f3n Pelayo (Solares). Precio \u00fanico 2.50\u20ac<\/p>\n","protected":false},"author":4,"featured_media":0,"comment_status":"closed","ping_status":"closed","sticky":false,"template":"","format":"standard","meta":{"footnotes":""},"categories":[59],"tags":[58,116,117],"class_list":["post-1304","post","type-post","status-publish","format-standard","hentry","category-cultura","tag-centro-cultural-ramon-pelayo","tag-cine","tag-filmoteca"],"_links":{"self":[{"href":"https:\/\/mediocudeyo.es\/web\/wp-json\/wp\/v2\/posts\/1304"}],"collection":[{"href":"https:\/\/mediocudeyo.es\/web\/wp-json\/wp\/v2\/posts"}],"about":[{"href":"https:\/\/mediocudeyo.es\/web\/wp-json\/wp\/v2\/types\/post"}],"author":[{"embeddable":true,"href":"https:\/\/mediocudeyo.es\/web\/wp-json\/wp\/v2\/users\/4"}],"replies":[{"embeddable":true,"href":"https:\/\/mediocudeyo.es\/web\/wp-json\/wp\/v2\/comments?post=1304"}],"version-history":[{"count":0,"href":"https:\/\/mediocudeyo.es\/web\/wp-json\/wp\/v2\/posts\/1304\/revisions"}],"wp:attachment":[{"href":"https:\/\/mediocudeyo.es\/web\/wp-json\/wp\/v2\/media?parent=1304"}],"wp:term":[{"taxonomy":"category","embeddable":true,"href":"https:\/\/mediocudeyo.es\/web\/wp-json\/wp\/v2\/categories?post=1304"},{"taxonomy":"post_tag","embeddable":true,"href":"https:\/\/mediocudeyo.es\/web\/wp-json\/wp\/v2\/tags?post=1304"}],"curies":[{"name":"wp","href":"https:\/\/api.w.org\/{rel}","templated":true}]}}