{"id":13071,"date":"2023-03-06T18:39:03","date_gmt":"2023-03-06T17:39:03","guid":{"rendered":"http:\/\/mediocudeyo.es\/web\/?p=13071"},"modified":"2023-03-07T12:06:22","modified_gmt":"2023-03-07T12:06:22","slug":"cine-en-el-centro-cultural","status":"publish","type":"post","link":"https:\/\/mediocudeyo.es\/web\/cine-en-el-centro-cultural\/","title":{"rendered":"Cine en el Centro Cultural"},"content":{"rendered":"<div data-contents=\"true\">\n<div class=\"x1e56ztr\" data-block=\"true\" data-editor=\"3og9l\" data-offset-key=\"44inh-0-0\">\n<div class=\"_1mf _1mj\" data-offset-key=\"44inh-0-0\"><span data-offset-key=\"44inh-0-0\">\u00a0Plan de cine en el Centro Cultural en conmemoraci\u00f3n al D\u00eda Internacional de la Mujer.<br \/>\n<\/span><\/div>\n<\/div>\n<\/div>\n<div data-offset-key=\"44inh-0-0\"><\/div>\n<div data-offset-key=\"44inh-0-0\"><\/div>\n<div data-contents=\"true\">\n<div class=\"x1e56ztr\" data-block=\"true\" data-editor=\"3og9l\" data-offset-key=\"fj06j-0-0\">\n<div class=\"_1mf _1mj\" data-offset-key=\"fj06j-0-0\"><span data-offset-key=\"fj06j-0-0\">El pr\u00f3ximo <strong>s\u00e1bado 11 de marzo<\/strong> podr\u00e9is disfrutar de dos pel\u00edculas, una en sesi\u00f3n familiar y otra para p\u00fablico adulto, llenas de mujeres empoderadas y de lucha por la igualdad:<\/span><\/div>\n<\/div>\n<div class=\"x1e56ztr\" data-block=\"true\" data-editor=\"3og9l\" data-offset-key=\"e3hgb-0-0\">\n<div class=\"_1mf _1mj\" data-offset-key=\"e3hgb-0-0\"><span data-offset-key=\"e3hgb-0-0\">\u00a0<\/span><\/div>\n<\/div>\n<div class=\"x1e56ztr\" data-block=\"true\" data-editor=\"3og9l\" data-offset-key=\"a4aq7-0-0\">\n<div class=\"_1mf _1mj\" data-offset-key=\"a4aq7-0-0\"><span data-offset-key=\"a4aq7-0-0\">\u27a1 SESI\u00d3N INFANTIL, EN FAMILIA. A las <strong>17:0<\/strong>0 horas disfrutaremos de la pel\u00edcula \u00ab<strong>Brave<\/strong>\u00bb de Disney. Merida, la ind\u00f3mita hija del Rey Fergus y de la Reina Elinor, es una h\u00e1bil arquera que decide romper con una antigua costumbre, que es sagrada para los se\u00f1ores de la tierra.<\/span><\/div>\n<\/div>\n<div class=\"x1e56ztr\" data-block=\"true\" data-editor=\"3og9l\" data-offset-key=\"3ges1-0-0\">\n<div class=\"_1mf _1mj\" data-offset-key=\"3ges1-0-0\"><span data-offset-key=\"3ges1-0-0\">\u00a0<\/span><\/div>\n<\/div>\n<div class=\"x1e56ztr\" data-block=\"true\" data-editor=\"3og9l\" data-offset-key=\"dsv9e-0-0\">\n<div class=\"_1mf _1mj\" data-offset-key=\"dsv9e-0-0\"><span data-offset-key=\"dsv9e-0-0\">\u27a1 SESI\u00d3N ADULTA. A las <strong>19:30<\/strong> podremos disfrutar de \u00ab<strong>Sufragistas<\/strong>\u00ab. Esta pel\u00edcula cuenta la historia de las sufragistas inglesas en los albores de la Primera Guerra Mundial. La mayor\u00eda de estas mujeres no ven\u00edan de clases altas, sino que eran mujeres trabajadoras que ve\u00edan c\u00f3mo sus protestas pac\u00edficas no serv\u00edan para nada.<\/span><\/div>\n<\/div>\n<div class=\"x1e56ztr\" data-block=\"true\" data-editor=\"3og9l\" data-offset-key=\"foef5-0-0\">\n<div class=\"_1mf _1mj\" data-offset-key=\"foef5-0-0\"><em>\u00a0<\/em><\/div>\n<\/div>\n<div class=\"x1e56ztr\" data-block=\"true\" data-editor=\"3og9l\" data-offset-key=\"1s4im-0-0\">\n<div class=\"_1mf _1mj\" data-offset-key=\"1s4im-0-0\"><em><strong>GRATIS<\/strong>. Entrada libre hasta completar aforo.<\/em><\/div>\n<\/div>\n<div class=\"x1e56ztr\" data-block=\"true\" data-editor=\"3og9l\" data-offset-key=\"d2s68-0-0\">\n<div class=\"_1mf _1mj\" data-offset-key=\"d2s68-0-0\"><span data-offset-key=\"d2s68-0-0\">\u00a0<\/span><\/div>\n<\/div>\n<div class=\"x1e56ztr\" data-block=\"true\" data-editor=\"3og9l\" data-offset-key=\"5qsrp-0-0\">\n<div class=\"_1mf _1mj\" data-offset-key=\"5qsrp-0-0\"><span class=\"x1fey0fg\"><span data-offset-key=\"5qsrp-0-0\">\u00a0<\/span><\/span><\/div>\n<\/div>\n<\/div>\n","protected":false},"excerpt":{"rendered":"<p>\u00a0Plan de cine en el Centro Cultural en conmemoraci\u00f3n al D\u00eda Internacional de la Mujer. El pr\u00f3ximo s\u00e1bado 11 de marzo podr\u00e9is disfrutar de dos pel\u00edculas, una en sesi\u00f3n familiar [&hellip;]<\/p>\n","protected":false},"author":4,"featured_media":19659,"comment_status":"closed","ping_status":"closed","sticky":false,"template":"","format":"standard","meta":{"footnotes":""},"categories":[37],"tags":[441,104,116,68,511],"class_list":["post-13071","post","type-post","status-publish","format-standard","has-post-thumbnail","hentry","category-centro-cultural","tag-8m","tag-centro-cultural","tag-cine","tag-igualdad","tag-mujeres"],"_links":{"self":[{"href":"https:\/\/mediocudeyo.es\/web\/wp-json\/wp\/v2\/posts\/13071"}],"collection":[{"href":"https:\/\/mediocudeyo.es\/web\/wp-json\/wp\/v2\/posts"}],"about":[{"href":"https:\/\/mediocudeyo.es\/web\/wp-json\/wp\/v2\/types\/post"}],"author":[{"embeddable":true,"href":"https:\/\/mediocudeyo.es\/web\/wp-json\/wp\/v2\/users\/4"}],"replies":[{"embeddable":true,"href":"https:\/\/mediocudeyo.es\/web\/wp-json\/wp\/v2\/comments?post=13071"}],"version-history":[{"count":1,"href":"https:\/\/mediocudeyo.es\/web\/wp-json\/wp\/v2\/posts\/13071\/revisions"}],"predecessor-version":[{"id":19660,"href":"https:\/\/mediocudeyo.es\/web\/wp-json\/wp\/v2\/posts\/13071\/revisions\/19660"}],"wp:featuredmedia":[{"embeddable":true,"href":"https:\/\/mediocudeyo.es\/web\/wp-json\/wp\/v2\/media\/19659"}],"wp:attachment":[{"href":"https:\/\/mediocudeyo.es\/web\/wp-json\/wp\/v2\/media?parent=13071"}],"wp:term":[{"taxonomy":"category","embeddable":true,"href":"https:\/\/mediocudeyo.es\/web\/wp-json\/wp\/v2\/categories?post=13071"},{"taxonomy":"post_tag","embeddable":true,"href":"https:\/\/mediocudeyo.es\/web\/wp-json\/wp\/v2\/tags?post=13071"}],"curies":[{"name":"wp","href":"https:\/\/api.w.org\/{rel}","templated":true}]}}