{"id":1557,"date":"2017-03-13T13:21:04","date_gmt":"2017-03-13T12:21:04","guid":{"rendered":"http:\/\/mediocudeyo.es\/web\/?p=1557"},"modified":"2022-12-12T11:49:46","modified_gmt":"2022-12-12T11:49:46","slug":"iii-escuela-taller-fmv","status":"publish","type":"post","link":"https:\/\/mediocudeyo.es\/web\/iii-escuela-taller-fmv\/","title":{"rendered":"III Escuela Taller FMV"},"content":{"rendered":"<p><img fetchpriority=\"high\" decoding=\"async\" class=\"size-medium wp-image-1558 aligncenter\" src=\"http:\/\/mediocudeyo.es\/web\/wp-content\/uploads\/2017\/03\/primer-dia2-300x225.jpg\" alt=\"primer-dia2\" width=\"300\" height=\"225\" \/><\/p>\n<p style=\"text-align: justify\">El d\u00eda 1 de Febrero di\u00f3 comienzo la III Escuela Taller FMV en la que participan 15 alumnos\/as del municipio, con edades comprendidas entre los 16 y 29 a\u00f1os.<\/p>\n<p style=\"text-align: justify\">Tendr\u00e1 una duraci\u00f3n de un a\u00f1o y se impartir\u00e1n dos certificados de profesionalidad: \u00abAGAO0108 Actividades Auxiliares en Viveros, Jardines y Centros de Jardiner\u00eda\u00bb y \u00abAGAO0208 Instalaci\u00f3n y Mantenimiento de Jardines y Zonas Verdes\u00bb.<\/p>\n<p style=\"text-align: justify\">La Escuela consta de una primera etapa de car\u00e1cter formativo de iniciaci\u00f3n y otra etapa de formaci\u00f3n en alternancia con el trabajo y la pr\u00e1ctica profesional, en la cu\u00e1l los alumnos\/as ser\u00e1n contratados por el Ayuntamiento.<\/p>\n<p style=\"text-align: justify\">Adem\u00e1s se prepar\u00e1 a aquellos alumnos\/as que no posean el t\u00edtulo de Graduado en ESO para que se presenten a las pruebas para su obtenci\u00f3n.<\/p>\n<p>&nbsp;<\/p>\n","protected":false},"excerpt":{"rendered":"<p>El d\u00eda 1 de Febrero di\u00f3 comienzo la III Escuela Taller FMV en la que participan 15 alumnos\/as del municipio, con edades comprendidas entre los 16 y 29 a\u00f1os. Tendr\u00e1 [&hellip;]<\/p>\n","protected":false},"author":10,"featured_media":0,"comment_status":"closed","ping_status":"closed","sticky":false,"template":"","format":"standard","meta":{"footnotes":""},"categories":[1],"tags":[],"class_list":["post-1557","post","type-post","status-publish","format-standard","hentry","category-sin-categoria"],"_links":{"self":[{"href":"https:\/\/mediocudeyo.es\/web\/wp-json\/wp\/v2\/posts\/1557"}],"collection":[{"href":"https:\/\/mediocudeyo.es\/web\/wp-json\/wp\/v2\/posts"}],"about":[{"href":"https:\/\/mediocudeyo.es\/web\/wp-json\/wp\/v2\/types\/post"}],"author":[{"embeddable":true,"href":"https:\/\/mediocudeyo.es\/web\/wp-json\/wp\/v2\/users\/10"}],"replies":[{"embeddable":true,"href":"https:\/\/mediocudeyo.es\/web\/wp-json\/wp\/v2\/comments?post=1557"}],"version-history":[{"count":1,"href":"https:\/\/mediocudeyo.es\/web\/wp-json\/wp\/v2\/posts\/1557\/revisions"}],"predecessor-version":[{"id":17871,"href":"https:\/\/mediocudeyo.es\/web\/wp-json\/wp\/v2\/posts\/1557\/revisions\/17871"}],"wp:attachment":[{"href":"https:\/\/mediocudeyo.es\/web\/wp-json\/wp\/v2\/media?parent=1557"}],"wp:term":[{"taxonomy":"category","embeddable":true,"href":"https:\/\/mediocudeyo.es\/web\/wp-json\/wp\/v2\/categories?post=1557"},{"taxonomy":"post_tag","embeddable":true,"href":"https:\/\/mediocudeyo.es\/web\/wp-json\/wp\/v2\/tags?post=1557"}],"curies":[{"name":"wp","href":"https:\/\/api.w.org\/{rel}","templated":true}]}}