{"id":1612,"date":"2017-03-30T10:31:24","date_gmt":"2017-03-30T09:31:24","guid":{"rendered":"http:\/\/mediocudeyo.es\/web\/?p=1612"},"modified":"2017-03-30T10:31:24","modified_gmt":"2017-03-30T09:31:24","slug":"jornada-de-gastroempleo-lanzaderas-de-empleo-y-emprendimiento-solidario","status":"publish","type":"post","link":"https:\/\/mediocudeyo.es\/web\/jornada-de-gastroempleo-lanzaderas-de-empleo-y-emprendimiento-solidario\/","title":{"rendered":"Jornada de GastroEmpleo. Lanzaderas de Empleo y Emprendimiento Solidario"},"content":{"rendered":"<p><a href=\"http:\/\/mediocudeyo.es\/web\/wp-content\/uploads\/2017\/03\/DIPTICO-JORNADA-PORTADA.jpg\" data-rel=\"lightbox-image-0\" data-rl_title=\"\" data-rl_caption=\"\" title=\"\"><img fetchpriority=\"high\" decoding=\"async\" class=\"alignnone size-medium wp-image-1614\" src=\"http:\/\/mediocudeyo.es\/web\/wp-content\/uploads\/2017\/03\/DIPTICO-JORNADA-PORTADA-300x212.jpg\" alt=\"diptico-jornada-portada\" width=\"300\" height=\"212\" \/><\/a><a href=\"http:\/\/mediocudeyo.es\/web\/wp-content\/uploads\/2017\/03\/DIPTICO-JORNADA-GASTROEMPLEO.jpg\" data-rel=\"lightbox-image-1\" data-rl_title=\"\" data-rl_caption=\"\" title=\"\"><img decoding=\"async\" class=\"alignnone size-medium wp-image-1613\" src=\"http:\/\/mediocudeyo.es\/web\/wp-content\/uploads\/2017\/03\/DIPTICO-JORNADA-GASTROEMPLEO-300x212.jpg\" alt=\"diptico-jornada-gastroempleo\" width=\"300\" height=\"212\" \/><\/a><\/p>\n<p>El d\u00eda 29 de marzo tuvo lugar en el Balneario de Solares la celebraci\u00f3n de la Jornada \u00abGastroEmpleo\u00bb organizada por las Lanzaderas de Empleo y Emprendimiento Solidario.<\/p>\n<p>El objetivo de esta Jornada fue conocer de la mano de siete grandes profesionales de la Hosteler\u00eda de Cantabria c\u00f3mo aplicar las buenas pr\u00e1cticas de la gastronom\u00eda c\u00e1ntabra en la b\u00fasqueda de empleo y el emprendimiento.<\/p>\n<p><!--more--><\/p>\n<p>Los profesionales hosteleros invitados fueron:<\/p>\n<ul>\n<li>D. Ignacio Solana. Restaurante Solana (La Bien Aparecida)<\/li>\n<li>D\u00f1a. Luc\u00eda Zamora. Grupo De Luz&amp;Cia. (Santander)<\/li>\n<li>D. David P\u00e9rez. Restaurante el Ronquillo (Ramales de la Victoria)<\/li>\n<li>D\u00f1a. Pilar Velarde. Grupo Velarde. Espacio Gastron\u00f3mico Santa Luzia (Mazcuerras)<\/li>\n<li>D. Wences Rodr\u00edguez. Restaurante Annua (San Vicente de la Barquera) y Mexsia (Santander)<\/li>\n<li>D. Rafael Prieto. Grupo Serbal-Nuevo Molino (Santander)<\/li>\n<li>D\u00f1a. Carmen Sampedro. Presidenta de la Asociaci\u00f3n OPCE. Emprendedora de Fun&amp;Food.<\/li>\n<\/ul>\n","protected":false},"excerpt":{"rendered":"<p>El d\u00eda 29 de marzo tuvo lugar en el Balneario de Solares la celebraci\u00f3n de la Jornada \u00abGastroEmpleo\u00bb organizada por las Lanzaderas de Empleo y Emprendimiento Solidario. El objetivo de [&hellip;]<\/p>\n","protected":false},"author":9,"featured_media":0,"comment_status":"closed","ping_status":"closed","sticky":false,"template":"","format":"standard","meta":{"footnotes":""},"categories":[33,40],"tags":[],"class_list":["post-1612","post","type-post","status-publish","format-standard","hentry","category-adl","category-empleo"],"_links":{"self":[{"href":"https:\/\/mediocudeyo.es\/web\/wp-json\/wp\/v2\/posts\/1612"}],"collection":[{"href":"https:\/\/mediocudeyo.es\/web\/wp-json\/wp\/v2\/posts"}],"about":[{"href":"https:\/\/mediocudeyo.es\/web\/wp-json\/wp\/v2\/types\/post"}],"author":[{"embeddable":true,"href":"https:\/\/mediocudeyo.es\/web\/wp-json\/wp\/v2\/users\/9"}],"replies":[{"embeddable":true,"href":"https:\/\/mediocudeyo.es\/web\/wp-json\/wp\/v2\/comments?post=1612"}],"version-history":[{"count":0,"href":"https:\/\/mediocudeyo.es\/web\/wp-json\/wp\/v2\/posts\/1612\/revisions"}],"wp:attachment":[{"href":"https:\/\/mediocudeyo.es\/web\/wp-json\/wp\/v2\/media?parent=1612"}],"wp:term":[{"taxonomy":"category","embeddable":true,"href":"https:\/\/mediocudeyo.es\/web\/wp-json\/wp\/v2\/categories?post=1612"},{"taxonomy":"post_tag","embeddable":true,"href":"https:\/\/mediocudeyo.es\/web\/wp-json\/wp\/v2\/tags?post=1612"}],"curies":[{"name":"wp","href":"https:\/\/api.w.org\/{rel}","templated":true}]}}