{"id":1700,"date":"2017-04-05T11:23:28","date_gmt":"2017-04-05T10:23:28","guid":{"rendered":"http:\/\/mediocudeyo.es\/web\/?p=1700"},"modified":"2017-04-05T11:23:28","modified_gmt":"2017-04-05T10:23:28","slug":"filmoteca-lolo","status":"publish","type":"post","link":"https:\/\/mediocudeyo.es\/web\/filmoteca-lolo\/","title":{"rendered":"FILMOTECA: LOLO"},"content":{"rendered":"<p><img fetchpriority=\"high\" decoding=\"async\" class=\"alignnone size-large wp-image-1701\" src=\"http:\/\/mediocudeyo.es\/web\/wp-content\/uploads\/2017\/04\/lolo-178023705-large-752x1024.jpg\" alt=\"lolo-178023705-large\" width=\"474\" height=\"645\" \/><\/p>\n<p>Lunes 17, 20:00 h. Centro Cultural Ram\u00f3n Pelayo (Solares). Precio \u00fanico: 2.50\u20ac<!--more--><\/p>\n<ul>\n<li><strong>Dirigida por:<\/strong> JULIE DELPY , 2015<\/li>\n<li><strong>Calificaci\u00f3n:<\/strong> NO RECOMENDADA PARA MENORES DE DOCE A\u00d1OS<\/li>\n<li><strong>Nacionalidad: <\/strong>FRANCIA<\/li>\n<li><strong>Pa\u00edses participantes:<\/strong><br \/>\nFRANCIA<\/li>\n<li><strong>G\u00e9nero :<\/strong> Comedia<\/li>\n<li><strong>Fecha de estreno :<\/strong> 22 de julio de 2016<\/li>\n<li><strong>Int\u00e9rpretes:<\/strong> JULIE DELPY , KARIN VIARD , DANY BOON , VINCENT LACOSTE<\/li>\n<li><strong>Duraci\u00f3n original :<\/strong> 99 minutos<\/li>\n<li><strong>Sinopsis: <\/strong>Durante sus vacaciones en el sur de Francia, Violette, una sofisticada parisina, conoce a Jean-Ren\u00e9, un freak inform\u00e1tico, y contra todo pron\u00f3stico se enamoran. Pero los problemas empiezan cuando Jean-Ren\u00e9 se traslada a Par\u00eds y conoce a Lolo, el muy posesivo hijo de 19 a\u00f1os de Violette, que est\u00e1 decidido a librarse de \u00e9l cueste lo que cueste.<\/li>\n<li>V.O. Subtitulada<\/li>\n<\/ul>\n<p><a href=\"http:\/\/www.sensacine.com\/peliculas\/pelicula-229134\/trailer-19547251\/\">TRAILER \u00abLOLO\u00bb<\/a><\/p>\n","protected":false},"excerpt":{"rendered":"<p>Lunes 17, 20:00 h. Centro Cultural Ram\u00f3n Pelayo (Solares). Precio \u00fanico: 2.50\u20ac<\/p>\n","protected":false},"author":4,"featured_media":0,"comment_status":"closed","ping_status":"closed","sticky":false,"template":"","format":"standard","meta":{"footnotes":""},"categories":[59],"tags":[58,116,117],"class_list":["post-1700","post","type-post","status-publish","format-standard","hentry","category-cultura","tag-centro-cultural-ramon-pelayo","tag-cine","tag-filmoteca"],"_links":{"self":[{"href":"https:\/\/mediocudeyo.es\/web\/wp-json\/wp\/v2\/posts\/1700"}],"collection":[{"href":"https:\/\/mediocudeyo.es\/web\/wp-json\/wp\/v2\/posts"}],"about":[{"href":"https:\/\/mediocudeyo.es\/web\/wp-json\/wp\/v2\/types\/post"}],"author":[{"embeddable":true,"href":"https:\/\/mediocudeyo.es\/web\/wp-json\/wp\/v2\/users\/4"}],"replies":[{"embeddable":true,"href":"https:\/\/mediocudeyo.es\/web\/wp-json\/wp\/v2\/comments?post=1700"}],"version-history":[{"count":0,"href":"https:\/\/mediocudeyo.es\/web\/wp-json\/wp\/v2\/posts\/1700\/revisions"}],"wp:attachment":[{"href":"https:\/\/mediocudeyo.es\/web\/wp-json\/wp\/v2\/media?parent=1700"}],"wp:term":[{"taxonomy":"category","embeddable":true,"href":"https:\/\/mediocudeyo.es\/web\/wp-json\/wp\/v2\/categories?post=1700"},{"taxonomy":"post_tag","embeddable":true,"href":"https:\/\/mediocudeyo.es\/web\/wp-json\/wp\/v2\/tags?post=1700"}],"curies":[{"name":"wp","href":"https:\/\/api.w.org\/{rel}","templated":true}]}}