{"id":1726,"date":"2017-04-20T16:59:25","date_gmt":"2017-04-20T15:59:25","guid":{"rendered":"http:\/\/mediocudeyo.es\/web\/?p=1726"},"modified":"2017-04-20T16:59:25","modified_gmt":"2017-04-20T15:59:25","slug":"lydia-movellan","status":"publish","type":"post","link":"https:\/\/mediocudeyo.es\/web\/lydia-movellan\/","title":{"rendered":"CONCIERTO: LYDIA MOVELL\u00c1N   &#8211; INVITACIONES AGOTADAS &#8211;"},"content":{"rendered":"<blockquote><p><img fetchpriority=\"high\" decoding=\"async\" class=\"alignnone size-large wp-image-1727\" src=\"http:\/\/mediocudeyo.es\/web\/wp-content\/uploads\/2017\/04\/Lydia-Movell\u00e1n-30-de-abril-728x1024.jpg\" alt=\"lydia-movellan-30-de-abril\" width=\"474\" height=\"667\" \/><\/p><\/blockquote>\n<p>Domingo 30 de abril, 18:00 h. Centro Cultural Ram\u00f3n Pelayo (Solares).<\/p>\n<p>Invitaciones\u00a0 gratuitas disponibles en el P.I.M. del Centro Cultural, tel. 942522685<\/p>\n<p><!--more--><\/p>\n<p>Lydia Movell\u00e1n naci\u00f3 en Santander y poco despu\u00e9s, con apenas tres a\u00f1itos, tiene sus primeras grabaciones en su casa de Francia, micr\u00f3fono en mano cantando por La Pantoja, teniendo por aquel entonces, \u00fanicamente como espectadores a su familia andaluza que all\u00ed viv\u00eda.<br \/>\nEs esa mezcla de ra\u00edces Franco-andaluzas, la que hace de Lydia una cantante caracterizada por su versatilidad, e imposible de encasillar en un solo g\u00e9nero, como se puede apreciar en su primer disco, \u201cEn cuerpo y alma\u201d. Es capaz de versionar grandes voces de la historia de la m\u00fasica, tanto espa\u00f1ola (Isabel Pantoja, Roc\u00edo Jurado, Roc\u00edo D\u00farcal, y otras muchas y m\u00e1s actuales) como de habla Francesa (Lara Fabian, Edith Piaf, Celine Dion, etc).<\/p>\n<p>Posee una voz dulce, poderosa y llena de matices y junto con su dominio del escenario la hacen \u00fanica, seg\u00fan cr\u00edticas como la de los periodistas Ovetenses de \u201cLa nueva Espa\u00f1a\u201d, y de otras muchas a lo largo de su carrera. Tiene en su haber victorias y grandes finales en concursos como el Nacional de Karaoke en Torrelavega, el de televisi\u00f3n \u201cVeo Veo\u201d, y \u201cRumbo a la fama\u201d. Tambi\u00e9n cuenta en su larga trayectoria con colaboraciones con diferentes grupos y solistas adem\u00e1s de actuaciones como telonera de los artistas Merche y Ketama.<\/p>\n","protected":false},"excerpt":{"rendered":"<p>Domingo 30 de abril, 18:00 h. Centro Cultural Ram\u00f3n Pelayo (Solares). Invitaciones\u00a0 gratuitas disponibles en el P.I.M. del Centro Cultural, tel. 942522685<\/p>\n","protected":false},"author":4,"featured_media":0,"comment_status":"closed","ping_status":"closed","sticky":false,"template":"","format":"standard","meta":{"footnotes":""},"categories":[59],"tags":[58,90],"class_list":["post-1726","post","type-post","status-publish","format-standard","hentry","category-cultura","tag-centro-cultural-ramon-pelayo","tag-concierto"],"_links":{"self":[{"href":"https:\/\/mediocudeyo.es\/web\/wp-json\/wp\/v2\/posts\/1726"}],"collection":[{"href":"https:\/\/mediocudeyo.es\/web\/wp-json\/wp\/v2\/posts"}],"about":[{"href":"https:\/\/mediocudeyo.es\/web\/wp-json\/wp\/v2\/types\/post"}],"author":[{"embeddable":true,"href":"https:\/\/mediocudeyo.es\/web\/wp-json\/wp\/v2\/users\/4"}],"replies":[{"embeddable":true,"href":"https:\/\/mediocudeyo.es\/web\/wp-json\/wp\/v2\/comments?post=1726"}],"version-history":[{"count":0,"href":"https:\/\/mediocudeyo.es\/web\/wp-json\/wp\/v2\/posts\/1726\/revisions"}],"wp:attachment":[{"href":"https:\/\/mediocudeyo.es\/web\/wp-json\/wp\/v2\/media?parent=1726"}],"wp:term":[{"taxonomy":"category","embeddable":true,"href":"https:\/\/mediocudeyo.es\/web\/wp-json\/wp\/v2\/categories?post=1726"},{"taxonomy":"post_tag","embeddable":true,"href":"https:\/\/mediocudeyo.es\/web\/wp-json\/wp\/v2\/tags?post=1726"}],"curies":[{"name":"wp","href":"https:\/\/api.w.org\/{rel}","templated":true}]}}