{"id":1744,"date":"2017-04-10T17:00:12","date_gmt":"2017-04-10T16:00:12","guid":{"rendered":"http:\/\/mediocudeyo.es\/web\/?p=1744"},"modified":"2017-04-10T17:00:12","modified_gmt":"2017-04-10T16:00:12","slug":"filmmoteca-lo-tuyo-y-tu","status":"publish","type":"post","link":"https:\/\/mediocudeyo.es\/web\/filmmoteca-lo-tuyo-y-tu\/","title":{"rendered":"FILMOTECA: LO TUYO Y T\u00da"},"content":{"rendered":"<dl class=\"movie-info\">\n<dt><img fetchpriority=\"high\" decoding=\"async\" class=\"alignnone size-large wp-image-1745\" src=\"http:\/\/mediocudeyo.es\/web\/wp-content\/uploads\/2017\/04\/dangsinjasingwa_dangsinui_geot-452160294-large-718x1024.jpg\" alt=\"dangsinjasingwa_dangsinui_geot-452160294-large\" width=\"474\" height=\"676\" \/><\/dt>\n<dt>20:00 h. Centro Cultural Ram\u00f3n Pelayo (Solares). Precio \u00fanico: 2.50\u20ac<\/dt>\n<dt><!--more--><\/dt>\n<\/dl>\n<dl class=\"movie-info\">\n<dt>T\u00edtulo original<\/dt>\n<dd>Dangsinjasingwa dangsinui geot<span class=\"show-akas ui-corner-all\">aka <i class=\"fa fa-caret-down\"><\/i><\/span><\/dd>\n<dd><strong>V.O. subtitulada<\/strong><\/dd>\n<dt>A\u00f1o<\/dt>\n<dd>2016<\/dd>\n<dt>Duraci\u00f3n<\/dt>\n<dd>86 min.<\/dd>\n<dt>Pa\u00eds<\/dt>\n<dd><span id=\"country-img\"><img decoding=\"async\" title=\"Corea del Sur\" src=\"http:\/\/www.filmaffinity.com\/imgs\/countries\/KR.jpg\" alt=\"Corea del Sur\" \/><\/span>\u00a0Corea del Sur<\/dd>\n<dt>Director<\/dt>\n<dd class=\"directors\"><span class=\"director\"> <a title=\"Hong Sang-soo\" href=\"http:\/\/www.filmaffinity.com\/es\/search.php?stype=director&amp;sn&amp;stext=Hong%20Sang-soo\"> Hong Sang-soo<\/a> <\/span><\/dd>\n<dt>Guion<\/dt>\n<dd>\n<div class=\"credits\"><span class=\"nb\">Hong Sang-soo<\/span><\/div>\n<\/dd>\n<dt>M\u00fasica<\/dt>\n<dd>\n<div class=\"credits\"><span class=\"nb\">Dalpalan<\/span><\/div>\n<\/dd>\n<dt>Fotograf\u00eda<\/dt>\n<dd>\n<div class=\"credits\"><span class=\"nb\">Park Hong-yeol<\/span><\/div>\n<\/dd>\n<dt>Reparto<\/dt>\n<dd><span class=\"cast\"> <a href=\"http:\/\/www.filmaffinity.com\/es\/search.php?stype=cast&amp;sn&amp;stext=Kim%20Joo-hyuck\"> Kim Joo-hyuck<\/a>, <\/span> <span class=\"cast\"> <a href=\"http:\/\/www.filmaffinity.com\/es\/search.php?stype=cast&amp;sn&amp;stext=Lee%20You-young\"> Lee You-young<\/a>, <\/span> <span class=\"cast\"> <a href=\"http:\/\/www.filmaffinity.com\/es\/search.php?stype=cast&amp;sn&amp;stext=Kwon%20Hae-hyo\"> Kwon Hae-hyo<\/a>, <\/span> <span class=\"cast\"> <a href=\"http:\/\/www.filmaffinity.com\/es\/search.php?stype=cast&amp;sn&amp;stext=Yu%20Jun-sang\"> Yu Jun-sang<\/a>, <\/span> <span class=\"cast\"> <a href=\"http:\/\/www.filmaffinity.com\/es\/search.php?stype=cast&amp;sn&amp;stext=Kim%20Eui-sung\"> Kim Eui-sung<\/a> <\/span><\/dd>\n<dt>Productora<\/dt>\n<dd>\n<div class=\"credits\"><span class=\"nb\">Jeonwonsa Film Company<\/span><\/div>\n<\/dd>\n<dt>G\u00e9nero<\/dt>\n<dd><a href=\"http:\/\/www.filmaffinity.com\/es\/moviegenre.php?genre=RO&amp;attr=rat_count&amp;nodoc\">Romance<\/a>. <a href=\"http:\/\/www.filmaffinity.com\/es\/moviegenre.php?genre=DR&amp;attr=rat_count&amp;nodoc\">Drama<\/a>. <a href=\"http:\/\/www.filmaffinity.com\/es\/moviegenre.php?genre=CO&amp;attr=rat_count&amp;nodoc\">Comedia<\/a> | <a href=\"http:\/\/www.filmaffinity.com\/es\/movietopic.php?topic=424086&amp;attr=rat_count&amp;nodoc\">Drama rom\u00e1ntico<\/a><\/dd>\n<dd><strong>Calificaci\u00f3n<\/strong><\/dd>\n<dd>NO RECOMENDADA MENORES 7 A\u00d1OS<\/dd>\n<dt>Sinopsis<\/dt>\n<dd>El pintor Youngsoo se entera de que su novia, Minjung, se tom\u00f3 unas copas con otro hombre y se pele\u00f3 con \u00e9l. Esa noche discuten y Minjung sale de casa, diciendo que no deber\u00edan verse durante alg\u00fan tiempo. Al d\u00eda siguiente, Youngsoo va en su busca, pero no consigue encontrarla. Mientras tanto, en Yeonnam, donde \u00e9l vive, Minjung, o una mujer que es id\u00e9ntica a ella, tiene citas con distintos hombres. Youngsoo vaga por las calles y lucha consigo mismo, que es lo mismo que luchar contra el mundo.<\/dd>\n<\/dl>\n<dl class=\"margin-top movie-info\">\n<dt>Premios<\/dt>\n<dd class=\"award\">\n<div class=\"margin-bottom\"><a href=\"http:\/\/www.filmaffinity.com\/es\/awards.php?award_id=ss&amp;year=2016\">2016<\/a>: Festival de San Sebasti\u00e1n: Mejor director<\/div>\n<\/dd>\n<\/dl>\n<div class=\"margin-bottom\"><a href=\"https:\/\/www.grupbalana.com\/es\/cine\/cartelera\/lo-tuyo-y-tu\/\">TRAILER LO TUYO Y T\u00da<\/a><\/div>\n","protected":false},"excerpt":{"rendered":"<p>20:00 h. Centro Cultural Ram\u00f3n Pelayo (Solares). Precio \u00fanico: 2.50\u20ac<\/p>\n","protected":false},"author":4,"featured_media":0,"comment_status":"closed","ping_status":"closed","sticky":false,"template":"","format":"standard","meta":{"footnotes":""},"categories":[59],"tags":[58,116,117],"class_list":["post-1744","post","type-post","status-publish","format-standard","hentry","category-cultura","tag-centro-cultural-ramon-pelayo","tag-cine","tag-filmoteca"],"_links":{"self":[{"href":"https:\/\/mediocudeyo.es\/web\/wp-json\/wp\/v2\/posts\/1744"}],"collection":[{"href":"https:\/\/mediocudeyo.es\/web\/wp-json\/wp\/v2\/posts"}],"about":[{"href":"https:\/\/mediocudeyo.es\/web\/wp-json\/wp\/v2\/types\/post"}],"author":[{"embeddable":true,"href":"https:\/\/mediocudeyo.es\/web\/wp-json\/wp\/v2\/users\/4"}],"replies":[{"embeddable":true,"href":"https:\/\/mediocudeyo.es\/web\/wp-json\/wp\/v2\/comments?post=1744"}],"version-history":[{"count":0,"href":"https:\/\/mediocudeyo.es\/web\/wp-json\/wp\/v2\/posts\/1744\/revisions"}],"wp:attachment":[{"href":"https:\/\/mediocudeyo.es\/web\/wp-json\/wp\/v2\/media?parent=1744"}],"wp:term":[{"taxonomy":"category","embeddable":true,"href":"https:\/\/mediocudeyo.es\/web\/wp-json\/wp\/v2\/categories?post=1744"},{"taxonomy":"post_tag","embeddable":true,"href":"https:\/\/mediocudeyo.es\/web\/wp-json\/wp\/v2\/tags?post=1744"}],"curies":[{"name":"wp","href":"https:\/\/api.w.org\/{rel}","templated":true}]}}