{"id":1766,"date":"2017-04-21T07:15:19","date_gmt":"2017-04-21T06:15:19","guid":{"rendered":"http:\/\/mediocudeyo.es\/web\/?p=1766"},"modified":"2017-04-21T07:15:19","modified_gmt":"2017-04-21T06:15:19","slug":"filmoteca-aguas-tranquilas","status":"publish","type":"post","link":"https:\/\/mediocudeyo.es\/web\/filmoteca-aguas-tranquilas\/","title":{"rendered":"FILMOTECA: AGUAS TRANQUILAS"},"content":{"rendered":"<p><img fetchpriority=\"high\" decoding=\"async\" class=\"alignnone size-large wp-image-1767\" src=\"http:\/\/mediocudeyo.es\/web\/wp-content\/uploads\/2017\/04\/Aguas-tranquilas-717x1024.jpg\" alt=\"aguas-tranquilas\" width=\"474\" height=\"677\" \/><\/p>\n<p>Lunes 1 de mayo, 20:00 h. Centro Cultural Ram\u00f3n Pelayo (Solares). Precio \u00fanico 2,50\u20ac<\/p>\n<p><!--more--><\/p>\n<ul>\n<li><strong>T\u00edtulo original:<\/strong> FATATSUME NO MADO &#8211; STILL THE WATER<\/li>\n<li><strong>Dirigida por:<\/strong> NAOMI KAWASE , 2014<\/li>\n<li><strong>Calificaci\u00f3n:<\/strong> NO RECOMENDADA PARA MENORES DE DOCE A\u00d1OS<\/li>\n<li><strong>Nacionalidad:<\/strong> JAP\u00d3N<\/li>\n<li><strong>G\u00e9nero :<\/strong> Drama<\/li>\n<li><strong>Fecha de estreno :<\/strong> 10 de abril de 2015<\/li>\n<li><strong>Duraci\u00f3n original :<\/strong> 120 minutos<\/li>\n<\/ul>\n<ul>\n<li><strong>Int\u00e9rpretes:<\/strong> JUN YOSHINAGA , MIYUKI MATSUDA , NIJIRO MURAKAMI<\/li>\n<li><strong>Sinopsis:<\/strong> Los habitantes de la isla de Amami, viven en armon\u00eda con la naturaleza, est\u00e1n convencidos de que en cada \u00e1rbol, cada piedra y cada planta vive un dios. Una tarde de verano, Kaito descubre el cuerpo de un hombre flotando en el mar. Su amiga Kyoko le ayudar\u00e1 a descifrar el misterio. Crecer\u00e1n juntos, aprendiendo a ser adultos, descubriendo los ciclos de la vida, la muerte y el amor.<\/li>\n<li>V.O. subtitulada<\/li>\n<\/ul>\n<p><a href=\"https:\/\/www.youtube.com\/watch?v=2uP64LGzFYk\" data-rel=\"lightbox-video-0\">TRAILER \u00abAGUAS TRANQUILAS\u00bb<\/a><\/p>\n<h4><\/h4>\n<p>&nbsp;<\/p>\n","protected":false},"excerpt":{"rendered":"<p>Lunes 1 de mayo, 20:00 h. Centro Cultural Ram\u00f3n Pelayo (Solares). Precio \u00fanico 2,50\u20ac<\/p>\n","protected":false},"author":4,"featured_media":0,"comment_status":"closed","ping_status":"closed","sticky":false,"template":"","format":"standard","meta":{"footnotes":""},"categories":[59],"tags":[58,116,117],"class_list":["post-1766","post","type-post","status-publish","format-standard","hentry","category-cultura","tag-centro-cultural-ramon-pelayo","tag-cine","tag-filmoteca"],"_links":{"self":[{"href":"https:\/\/mediocudeyo.es\/web\/wp-json\/wp\/v2\/posts\/1766"}],"collection":[{"href":"https:\/\/mediocudeyo.es\/web\/wp-json\/wp\/v2\/posts"}],"about":[{"href":"https:\/\/mediocudeyo.es\/web\/wp-json\/wp\/v2\/types\/post"}],"author":[{"embeddable":true,"href":"https:\/\/mediocudeyo.es\/web\/wp-json\/wp\/v2\/users\/4"}],"replies":[{"embeddable":true,"href":"https:\/\/mediocudeyo.es\/web\/wp-json\/wp\/v2\/comments?post=1766"}],"version-history":[{"count":0,"href":"https:\/\/mediocudeyo.es\/web\/wp-json\/wp\/v2\/posts\/1766\/revisions"}],"wp:attachment":[{"href":"https:\/\/mediocudeyo.es\/web\/wp-json\/wp\/v2\/media?parent=1766"}],"wp:term":[{"taxonomy":"category","embeddable":true,"href":"https:\/\/mediocudeyo.es\/web\/wp-json\/wp\/v2\/categories?post=1766"},{"taxonomy":"post_tag","embeddable":true,"href":"https:\/\/mediocudeyo.es\/web\/wp-json\/wp\/v2\/tags?post=1766"}],"curies":[{"name":"wp","href":"https:\/\/api.w.org\/{rel}","templated":true}]}}