{"id":1949,"date":"2017-05-30T10:36:58","date_gmt":"2017-05-30T09:36:58","guid":{"rendered":"http:\/\/mediocudeyo.es\/web\/?p=1949"},"modified":"2022-12-12T11:49:46","modified_gmt":"2022-12-12T11:49:46","slug":"zonas-peatonales-limitadas-en-velocidad","status":"publish","type":"post","link":"https:\/\/mediocudeyo.es\/web\/zonas-peatonales-limitadas-en-velocidad\/","title":{"rendered":"ZONAS PEATONALES LIMITADAS EN VELOCIDAD"},"content":{"rendered":"<p>Como recordatorio\u00a0de\u00a0espacios\u00a0con preferencia peatonal y residenciales con limitaci\u00f3n de velocidad,\u00a0inform\u00e1ndose de la se\u00f1alizaci\u00f3n de las siguientes zonas:<\/p>\n<ul>\n<li>\n<h5><strong>Traves\u00eda Virgen del Pilar, zona de\u00a0La Calleja<\/strong><\/h5>\n<\/li>\n<\/ul>\n<p><strong>S-28. Calle residencial.<\/strong><\/p>\n<p>Indica las zonas de circulaci\u00f3n especialmente acondicionadas que est\u00e1n destinadas en primer lugar a los peatones y en las que se aplican las normas especiales de circulaci\u00f3n siguientes: la velocidad m\u00e1xima de los veh\u00edculos est\u00e1 fijada en 20 kil\u00f3metros por hora y los conductores deben conceder prioridad a los peatones. Los veh\u00edculos no pueden estacionarse m\u00e1s que en los lugares designados por se\u00f1ales o por marcas.<\/p>\n<p>Los peatones pueden utilizar toda la zona de circulaci\u00f3n. Los juegos y los deportes est\u00e1n autorizados en ella. Los peatones no deben estorbar in\u00fatilmente a los conductores de veh\u00edculos.<\/p>\n<p><a href=\"http:\/\/mediocudeyo.es\/web\/wp-content\/uploads\/2017\/05\/S-28-CALLE-RESIDENCIAL.png\" data-rel=\"lightbox-image-0\" data-rl_title=\"\" data-rl_caption=\"\" title=\"\"><img decoding=\"async\" class=\"alignnone size-full wp-image-1951\" src=\"http:\/\/mediocudeyo.es\/web\/wp-content\/uploads\/2017\/05\/S-28-CALLE-RESIDENCIAL.png\" alt=\"s-28-calle-residencial\" width=\"133\" height=\"133\" \/><\/a><\/p>\n<p><a href=\"http:\/\/mediocudeyo.es\/web\/wp-content\/uploads\/2017\/05\/travesia-virgen-del-pilar.jpg\" data-rel=\"lightbox-image-1\" data-rl_title=\"\" data-rl_caption=\"\" title=\"\"><img fetchpriority=\"high\" decoding=\"async\" class=\"alignnone size-medium wp-image-1955\" src=\"http:\/\/mediocudeyo.es\/web\/wp-content\/uploads\/2017\/05\/travesia-virgen-del-pilar-300x225.jpg\" alt=\"travesia-virgen-del-pilar\" width=\"300\" height=\"225\" \/><\/a><\/p>\n<ul>\n<li>\n<h5><strong>C\/ Los Tilos y Plaza de Heras<\/strong><\/h5>\n<\/li>\n<\/ul>\n<p><strong>S-30. Zona a 30.<\/strong><\/p>\n<p>Indica la zona de circulaci\u00f3n especialmente acondicionada que est\u00e1 destinada en primer lugar a los peatones.<\/p>\n<p>La velocidad m\u00e1xima de los veh\u00edculos est\u00e1 fijada en 30 kil\u00f3metros por hora. Los peatones tienen prioridad.<\/p>\n<p><a href=\"http:\/\/mediocudeyo.es\/web\/wp-content\/uploads\/2017\/05\/S-30-ZONA-A-30.png\" data-rel=\"lightbox-image-2\" data-rl_title=\"\" data-rl_caption=\"\" title=\"\"><img decoding=\"async\" class=\"alignnone size-full wp-image-1953\" src=\"http:\/\/mediocudeyo.es\/web\/wp-content\/uploads\/2017\/05\/S-30-ZONA-A-30.png\" alt=\"s-30-zona-a-30\" width=\"133\" height=\"133\" \/><\/a><\/p>\n<p><a href=\"http:\/\/mediocudeyo.es\/web\/wp-content\/uploads\/2017\/05\/calle-los-tilos.jpg\" data-rel=\"lightbox-image-3\" data-rl_title=\"\" data-rl_caption=\"\" title=\"\"><img loading=\"lazy\" decoding=\"async\" class=\"alignnone size-medium wp-image-1950\" src=\"http:\/\/mediocudeyo.es\/web\/wp-content\/uploads\/2017\/05\/calle-los-tilos-300x225.jpg\" alt=\"calle-los-tilos\" width=\"300\" height=\"225\" \/><\/a><\/p>\n","protected":false},"excerpt":{"rendered":"<p>Como recordatorio\u00a0de\u00a0espacios\u00a0con preferencia peatonal y residenciales con limitaci\u00f3n de velocidad,\u00a0inform\u00e1ndose de la se\u00f1alizaci\u00f3n de las siguientes zonas: Traves\u00eda Virgen del Pilar, zona de\u00a0La Calleja S-28. Calle residencial. Indica las zonas [&hellip;]<\/p>\n","protected":false},"author":2,"featured_media":0,"comment_status":"closed","ping_status":"closed","sticky":false,"template":"","format":"standard","meta":{"footnotes":""},"categories":[1],"tags":[],"class_list":["post-1949","post","type-post","status-publish","format-standard","hentry","category-sin-categoria"],"_links":{"self":[{"href":"https:\/\/mediocudeyo.es\/web\/wp-json\/wp\/v2\/posts\/1949"}],"collection":[{"href":"https:\/\/mediocudeyo.es\/web\/wp-json\/wp\/v2\/posts"}],"about":[{"href":"https:\/\/mediocudeyo.es\/web\/wp-json\/wp\/v2\/types\/post"}],"author":[{"embeddable":true,"href":"https:\/\/mediocudeyo.es\/web\/wp-json\/wp\/v2\/users\/2"}],"replies":[{"embeddable":true,"href":"https:\/\/mediocudeyo.es\/web\/wp-json\/wp\/v2\/comments?post=1949"}],"version-history":[{"count":1,"href":"https:\/\/mediocudeyo.es\/web\/wp-json\/wp\/v2\/posts\/1949\/revisions"}],"predecessor-version":[{"id":17870,"href":"https:\/\/mediocudeyo.es\/web\/wp-json\/wp\/v2\/posts\/1949\/revisions\/17870"}],"wp:attachment":[{"href":"https:\/\/mediocudeyo.es\/web\/wp-json\/wp\/v2\/media?parent=1949"}],"wp:term":[{"taxonomy":"category","embeddable":true,"href":"https:\/\/mediocudeyo.es\/web\/wp-json\/wp\/v2\/categories?post=1949"},{"taxonomy":"post_tag","embeddable":true,"href":"https:\/\/mediocudeyo.es\/web\/wp-json\/wp\/v2\/tags?post=1949"}],"curies":[{"name":"wp","href":"https:\/\/api.w.org\/{rel}","templated":true}]}}