{"id":1968,"date":"2017-06-05T18:09:50","date_gmt":"2017-06-05T17:09:50","guid":{"rendered":"http:\/\/mediocudeyo.es\/web\/?p=1968"},"modified":"2017-06-05T18:09:50","modified_gmt":"2017-06-05T17:09:50","slug":"escuela-de-pacientes","status":"publish","type":"post","link":"https:\/\/mediocudeyo.es\/web\/escuela-de-pacientes\/","title":{"rendered":"ESCUELA DE PACIENTES"},"content":{"rendered":"<p>Desde Medio Cudeyo queremos dar la m\u00e1xima difusi\u00f3n a este interesante programa:<\/p>\n<p><img decoding=\"async\" class=\"alignnone size-full wp-image-1969\" src=\"http:\/\/mediocudeyo.es\/web\/wp-content\/uploads\/2017\/06\/logo.png\" alt=\"logo\" width=\"385\" height=\"47\" \/><\/p>\n<p><strong>Diabetes, Hipertensi\u00f3n, Obesidad, Fibromialgia\u2026<\/strong>Si\u00a0 tienes una enfermedad cr\u00f3nica, es importante que sepas que <strong>T\u00da<\/strong> eres el principal responsable de\u00a0tu\u00a0salud\u00a0y a trav\u00e9s del <strong><em>Programa de Cuidado Responsable<\/em><\/strong> promovido por el Servicio C\u00e1ntabro de Salud, aprender\u00e1s a gestionar mejor tu enfermedad. Si estas interesado en participar en los Talleres de Cuidado Responsable, tu enfermer@ y\/o m\u00e9dic@ de Atenci\u00f3n Primaria pueden informarte de lo que\u00a0 tienes que hacer para inscribirte.<\/p>\n<p>Tambi\u00e9n encontrar\u00e1s informaci\u00f3n en la web de la Escuela C\u00e1ntabra de Salud<\/p>\n<p><a href=\"http:\/\/www.escuelacantabradesalud.es\/es\/cursos-y-formacion\">http:\/\/www.escuelacantabradesalud.es\/es\/cursos-y-formacion<\/a><\/p>\n<p><strong>\u00a1TU ACTITUD ES LO M\u00c1S IMPORTANTE!<\/strong><\/p>\n<p>El Servicio C\u00e1ntabro de Salud pone en marcha este programa para \u201cempoderar\u201d a l@s pacientes, que se formen y formen a su vez a otr@s pacientes.<\/p>\n<p>&nbsp;<\/p>\n<p>&nbsp;<\/p>\n<p>&nbsp;<\/p>\n<p>&nbsp;<\/p>\n","protected":false},"excerpt":{"rendered":"<p>Desde Medio Cudeyo queremos dar la m\u00e1xima difusi\u00f3n a este interesante programa: Diabetes, Hipertensi\u00f3n, Obesidad, Fibromialgia\u2026Si\u00a0 tienes una enfermedad cr\u00f3nica, es importante que sepas que T\u00da eres el principal responsable [&hellip;]<\/p>\n","protected":false},"author":4,"featured_media":0,"comment_status":"closed","ping_status":"closed","sticky":false,"template":"","format":"standard","meta":{"footnotes":""},"categories":[55],"tags":[158],"class_list":["post-1968","post","type-post","status-publish","format-standard","hentry","category-servicios-sociales","tag-salud"],"_links":{"self":[{"href":"https:\/\/mediocudeyo.es\/web\/wp-json\/wp\/v2\/posts\/1968"}],"collection":[{"href":"https:\/\/mediocudeyo.es\/web\/wp-json\/wp\/v2\/posts"}],"about":[{"href":"https:\/\/mediocudeyo.es\/web\/wp-json\/wp\/v2\/types\/post"}],"author":[{"embeddable":true,"href":"https:\/\/mediocudeyo.es\/web\/wp-json\/wp\/v2\/users\/4"}],"replies":[{"embeddable":true,"href":"https:\/\/mediocudeyo.es\/web\/wp-json\/wp\/v2\/comments?post=1968"}],"version-history":[{"count":0,"href":"https:\/\/mediocudeyo.es\/web\/wp-json\/wp\/v2\/posts\/1968\/revisions"}],"wp:attachment":[{"href":"https:\/\/mediocudeyo.es\/web\/wp-json\/wp\/v2\/media?parent=1968"}],"wp:term":[{"taxonomy":"category","embeddable":true,"href":"https:\/\/mediocudeyo.es\/web\/wp-json\/wp\/v2\/categories?post=1968"},{"taxonomy":"post_tag","embeddable":true,"href":"https:\/\/mediocudeyo.es\/web\/wp-json\/wp\/v2\/tags?post=1968"}],"curies":[{"name":"wp","href":"https:\/\/api.w.org\/{rel}","templated":true}]}}