{"id":19842,"date":"2023-03-30T12:54:24","date_gmt":"2023-03-30T12:54:24","guid":{"rendered":"https:\/\/mediocudeyo.es\/web\/?p=19842"},"modified":"2023-04-04T06:26:25","modified_gmt":"2023-04-04T06:26:25","slug":"filmoteca-language-lessons-de-natalie-morales-estados-unidos","status":"publish","type":"post","link":"https:\/\/mediocudeyo.es\/web\/filmoteca-language-lessons-de-natalie-morales-estados-unidos\/","title":{"rendered":"Filmoteca: \u00abLanguage lessons\u00bb de Natalie Morales"},"content":{"rendered":"<p>Nueva cita con la Filmoteca Regional en el Centro Cultural Ram\u00f3n Pelayo: <em><strong>\u00abLanguage lessons\u00bb de Natalie Morales (Estados Unidos)<\/strong><\/em>.<\/p>\n<p>\u23fa <em><strong>Sinopsis<\/strong><\/em>: Cuando el marido de Adam le regala unas clases semanales de espa\u00f1ol, \u00e9ste no sabe c\u00f3mo o d\u00f3nde encajar este nuevo elemento en su estructurada vida. Pero cuando una inesperada tragedia lo pone todo del rev\u00e9s, Adam decide ir a las clases, desarrollando un complejo v\u00ednculo emocional con la profesora. (FILMAFFINITY).<\/p>\n<div class=\"\" data-block=\"true\" data-editor=\"839rs\" data-offset-key=\"8scmi-0-0\">\n<div class=\"_1mf _1mj\" data-offset-key=\"8scmi-0-0\"><span data-offset-key=\"8scmi-0-0\">\u23fa <em><strong>Trailer<\/strong><\/em>:<br \/>\n<\/span><\/div>\n<div data-offset-key=\"8scmi-0-0\"><\/div>\n<\/div>\n<div class=\"\" data-block=\"true\" data-editor=\"839rs\" data-offset-key=\"f1k9u-0-0\">\n<div class=\"_1mf _1mj\" data-offset-key=\"f1k9u-0-0\">\n<p><iframe title=\"Language Lessons | Tr\u00e1iler subtitulado | StyleFeelFree\" width=\"500\" height=\"281\" src=\"https:\/\/www.youtube.com\/embed\/4pr6sa1QPQg?feature=oembed\" frameborder=\"0\" allow=\"accelerometer; autoplay; clipboard-write; encrypted-media; gyroscope; picture-in-picture; web-share\" referrerpolicy=\"strict-origin-when-cross-origin\" allowfullscreen><\/iframe><\/p>\n<p>&nbsp;<\/p>\n<\/div>\n<\/div>\n<div class=\"\" data-block=\"true\" data-editor=\"839rs\" data-offset-key=\"df6og-0-0\">\n<div class=\"_1mf _1mj\" data-offset-key=\"df6og-0-0\"><span data-offset-key=\"df6og-0-0\">\u23fa Toda la <strong>cartelera<\/strong> de la Filmoteca: https:\/\/filmotecacantabria.es\/es\/filmoteca-regional\/<\/span><\/div>\n<div data-offset-key=\"df6og-0-0\"><\/div>\n<\/div>\n<p>Domingo 1 de abril. 19:30 horas.<br \/>\n\u2139\ufe0f Precio \u00fanico: 1,50\u20ac. No es necesaria reserva previa.<\/p>\n","protected":false},"excerpt":{"rendered":"<p>Nueva cita con la Filmoteca Regional en el Centro Cultural Ram\u00f3n Pelayo: \u00abLanguage lessons\u00bb de Natalie Morales (Estados Unidos). \u23fa Sinopsis: Cuando el marido de Adam le regala unas clases [&hellip;]<\/p>\n","protected":false},"author":4,"featured_media":19843,"comment_status":"closed","ping_status":"closed","sticky":false,"template":"","format":"standard","meta":{"footnotes":""},"categories":[37],"tags":[104,116,105],"class_list":["post-19842","post","type-post","status-publish","format-standard","has-post-thumbnail","hentry","category-centro-cultural","tag-centro-cultural","tag-cine","tag-filmoteca-regional"],"_links":{"self":[{"href":"https:\/\/mediocudeyo.es\/web\/wp-json\/wp\/v2\/posts\/19842"}],"collection":[{"href":"https:\/\/mediocudeyo.es\/web\/wp-json\/wp\/v2\/posts"}],"about":[{"href":"https:\/\/mediocudeyo.es\/web\/wp-json\/wp\/v2\/types\/post"}],"author":[{"embeddable":true,"href":"https:\/\/mediocudeyo.es\/web\/wp-json\/wp\/v2\/users\/4"}],"replies":[{"embeddable":true,"href":"https:\/\/mediocudeyo.es\/web\/wp-json\/wp\/v2\/comments?post=19842"}],"version-history":[{"count":1,"href":"https:\/\/mediocudeyo.es\/web\/wp-json\/wp\/v2\/posts\/19842\/revisions"}],"predecessor-version":[{"id":19844,"href":"https:\/\/mediocudeyo.es\/web\/wp-json\/wp\/v2\/posts\/19842\/revisions\/19844"}],"wp:featuredmedia":[{"embeddable":true,"href":"https:\/\/mediocudeyo.es\/web\/wp-json\/wp\/v2\/media\/19843"}],"wp:attachment":[{"href":"https:\/\/mediocudeyo.es\/web\/wp-json\/wp\/v2\/media?parent=19842"}],"wp:term":[{"taxonomy":"category","embeddable":true,"href":"https:\/\/mediocudeyo.es\/web\/wp-json\/wp\/v2\/categories?post=19842"},{"taxonomy":"post_tag","embeddable":true,"href":"https:\/\/mediocudeyo.es\/web\/wp-json\/wp\/v2\/tags?post=19842"}],"curies":[{"name":"wp","href":"https:\/\/api.w.org\/{rel}","templated":true}]}}