{"id":19848,"date":"2023-03-31T06:11:38","date_gmt":"2023-03-31T06:11:38","guid":{"rendered":"https:\/\/mediocudeyo.es\/web\/?p=19848"},"modified":"2023-04-04T06:22:01","modified_gmt":"2023-04-04T06:22:01","slug":"formacion-en-genero-y-prevencion-de-violencia-machista","status":"publish","type":"post","link":"https:\/\/mediocudeyo.es\/web\/formacion-en-genero-y-prevencion-de-violencia-machista\/","title":{"rendered":"Formaci\u00f3n en g\u00e9nero y prevenci\u00f3n de violencia machista"},"content":{"rendered":"<div class=\"\" data-block=\"true\" data-editor=\"6sc1k\" data-offset-key=\"b238r-0-0\">\n<div class=\"_1mf _1mj\" data-offset-key=\"b238r-0-0\"><span data-offset-key=\"b238r-0-0\">Formaci\u00f3n para el profesorado. Una interesante jornada de la mano de Ana Magallanes de sensibilizaci\u00f3n en g\u00e9nero y prevenci\u00f3n de la violencia machista.<\/span><\/div>\n<\/div>\n<div class=\"\" data-block=\"true\" data-editor=\"6sc1k\" data-offset-key=\"fjrd1-0-0\">\n<div class=\"_1mf _1mj\" data-offset-key=\"fjrd1-0-0\" data-auto-logging-id=\"f1692b1c4b2982\"><span data-offset-key=\"fjrd1-0-0\">\u00a0<\/span><\/div>\n<\/div>\n<div class=\"\" data-block=\"true\" data-editor=\"6sc1k\" data-offset-key=\"5tj11-0-0\">\n<div class=\"_1mf _1mj\" data-offset-key=\"5tj11-0-0\"><span data-offset-key=\"5tj11-0-0\"> <strong>Lunes 17 de abril 17:00 a 19:00.<\/strong> Centro Cultural Ram\u00f3n Pelayo<\/span><\/div>\n<\/div>\n<div class=\"\" data-block=\"true\" data-editor=\"6sc1k\" data-offset-key=\"8lff5-0-0\">\n<div class=\"_1mf _1mj\" data-offset-key=\"8lff5-0-0\"><span data-offset-key=\"8lff5-0-0\"><strong>Gratuito<\/strong>. Imprescindible inscribirse.<\/span><\/div>\n<\/div>\n<div data-offset-key=\"5hosj-0-0\" data-auto-logging-id=\"f1496d4feb884c2\"><\/div>\n<div class=\"\" data-block=\"true\" data-editor=\"6sc1k\" data-offset-key=\"88lgr-0-0\">\n<div class=\"_1mf _1mj\" data-offset-key=\"88lgr-0-0\"><span data-offset-key=\"88lgr-0-0\">\u2139\ufe0f <em>M\u00e1s informaci\u00f3n e inscripciones<\/em> :<\/span><\/div>\n<\/div>\n<div class=\"\" data-block=\"true\" data-editor=\"6sc1k\" data-offset-key=\"9rv2b-0-0\">\n<div class=\"_1mf _1mj\" data-offset-key=\"9rv2b-0-0\"><span data-offset-key=\"9rv2b-0-0\">Centro Cultural Ram\u00f3n Pelayo.<\/span><\/div>\n<\/div>\n<div class=\"\" data-block=\"true\" data-editor=\"6sc1k\" data-offset-key=\"21hes-0-0\">\n<div class=\"_1mf _1mj\" data-offset-key=\"21hes-0-0\"><span data-offset-key=\"21hes-0-0\">\u260e 942 52 26 85<\/span><\/div>\n<\/div>\n<div class=\"\" data-block=\"true\" data-editor=\"6sc1k\" data-offset-key=\"s5f7-0-0\">\n<div class=\"_1mf _1mj\" data-offset-key=\"s5f7-0-0\" data-auto-logging-id=\"f26b95451899a7\"><span data-offset-key=\"s5f7-0-0\">Centrocultural@mediocudeyo.es<\/span><\/div>\n<\/div>\n","protected":false},"excerpt":{"rendered":"<p>Formaci\u00f3n para el profesorado. Una interesante jornada de la mano de Ana Magallanes de sensibilizaci\u00f3n en g\u00e9nero y prevenci\u00f3n de la violencia machista. \u00a0 Lunes 17 de abril 17:00 a [&hellip;]<\/p>\n","protected":false},"author":4,"featured_media":19849,"comment_status":"closed","ping_status":"closed","sticky":false,"template":"","format":"standard","meta":{"footnotes":""},"categories":[46],"tags":[226,68],"class_list":["post-19848","post","type-post","status-publish","format-standard","has-post-thumbnail","hentry","category-igualdad","tag-formacion","tag-igualdad"],"_links":{"self":[{"href":"https:\/\/mediocudeyo.es\/web\/wp-json\/wp\/v2\/posts\/19848"}],"collection":[{"href":"https:\/\/mediocudeyo.es\/web\/wp-json\/wp\/v2\/posts"}],"about":[{"href":"https:\/\/mediocudeyo.es\/web\/wp-json\/wp\/v2\/types\/post"}],"author":[{"embeddable":true,"href":"https:\/\/mediocudeyo.es\/web\/wp-json\/wp\/v2\/users\/4"}],"replies":[{"embeddable":true,"href":"https:\/\/mediocudeyo.es\/web\/wp-json\/wp\/v2\/comments?post=19848"}],"version-history":[{"count":1,"href":"https:\/\/mediocudeyo.es\/web\/wp-json\/wp\/v2\/posts\/19848\/revisions"}],"predecessor-version":[{"id":19850,"href":"https:\/\/mediocudeyo.es\/web\/wp-json\/wp\/v2\/posts\/19848\/revisions\/19850"}],"wp:featuredmedia":[{"embeddable":true,"href":"https:\/\/mediocudeyo.es\/web\/wp-json\/wp\/v2\/media\/19849"}],"wp:attachment":[{"href":"https:\/\/mediocudeyo.es\/web\/wp-json\/wp\/v2\/media?parent=19848"}],"wp:term":[{"taxonomy":"category","embeddable":true,"href":"https:\/\/mediocudeyo.es\/web\/wp-json\/wp\/v2\/categories?post=19848"},{"taxonomy":"post_tag","embeddable":true,"href":"https:\/\/mediocudeyo.es\/web\/wp-json\/wp\/v2\/tags?post=19848"}],"curies":[{"name":"wp","href":"https:\/\/api.w.org\/{rel}","templated":true}]}}