{"id":19941,"date":"2023-04-04T13:20:06","date_gmt":"2023-04-04T13:20:06","guid":{"rendered":"https:\/\/mediocudeyo.es\/web\/?p=19941"},"modified":"2023-04-13T06:19:45","modified_gmt":"2023-04-13T06:19:45","slug":"cursos-de-formacion-para-el-empleo-joven","status":"publish","type":"post","link":"https:\/\/mediocudeyo.es\/web\/cursos-de-formacion-para-el-empleo-joven\/","title":{"rendered":"Cursos de formaci\u00f3n para el empleo joven"},"content":{"rendered":"<p>Nuevos talleres para j\u00f3venes en b\u00fasqueda de empleo o que quieran mejorar sus habilidades y perfil profesional.<\/p>\n<p><a href=\"https:\/\/mediocudeyo.es\/web\/wp-content\/uploads\/2023\/04\/Taller-Formativo-TIPOS-DE-CONTRATO-1024x1024-1.jpg\" data-rel=\"lightbox-image-0\" data-rl_title=\"\" data-rl_caption=\"\" title=\"\"><img fetchpriority=\"high\" decoding=\"async\" class=\"aligncenter wp-image-19942\" src=\"https:\/\/mediocudeyo.es\/web\/wp-content\/uploads\/2023\/04\/Taller-Formativo-TIPOS-DE-CONTRATO-1024x1024-1-300x300.jpg\" alt=\"\" width=\"450\" height=\"450\" srcset=\"https:\/\/mediocudeyo.es\/web\/wp-content\/uploads\/2023\/04\/Taller-Formativo-TIPOS-DE-CONTRATO-1024x1024-1-300x300.jpg 300w, https:\/\/mediocudeyo.es\/web\/wp-content\/uploads\/2023\/04\/Taller-Formativo-TIPOS-DE-CONTRATO-1024x1024-1-150x150.jpg 150w, https:\/\/mediocudeyo.es\/web\/wp-content\/uploads\/2023\/04\/Taller-Formativo-TIPOS-DE-CONTRATO-1024x1024-1-768x768.jpg 768w, https:\/\/mediocudeyo.es\/web\/wp-content\/uploads\/2023\/04\/Taller-Formativo-TIPOS-DE-CONTRATO-1024x1024-1-450x450.jpg 450w, https:\/\/mediocudeyo.es\/web\/wp-content\/uploads\/2023\/04\/Taller-Formativo-TIPOS-DE-CONTRATO-1024x1024-1-106x106.jpg 106w, https:\/\/mediocudeyo.es\/web\/wp-content\/uploads\/2023\/04\/Taller-Formativo-TIPOS-DE-CONTRATO-1024x1024-1-560x560.jpg 560w, https:\/\/mediocudeyo.es\/web\/wp-content\/uploads\/2023\/04\/Taller-Formativo-TIPOS-DE-CONTRATO-1024x1024-1-70x70.jpg 70w, https:\/\/mediocudeyo.es\/web\/wp-content\/uploads\/2023\/04\/Taller-Formativo-TIPOS-DE-CONTRATO-1024x1024-1.jpg 1024w\" sizes=\"(max-width: 450px) 100vw, 450px\" \/><\/a><\/p>\n<p>&nbsp;<\/p>\n<p>&nbsp;<\/p>\n<p>Dirigido a menores de 35 a\u00f1os.<br \/>\nGratuitos.<\/p>\n<p>21 de abril. De 10 a 13 horas: \u00abDel conocimiento al empleo\u00bb.<br \/>\n28 de abril. De 10 a 12 horas: \u00abTipos de contrato\u00bb.<\/p>\n<p><span class=\"x1xsqp64 xiy17q3 x1o6pynw x19co3pv xdj266r xcwd3tp xat24cr x39eecv x2b8uid\" data-testid=\"emoji\"><span class=\"xexx8yu xn5pp95 x18d9i69 x2fxd7x x1yqt14a x1bhl96m\">\u2139\ufe0f<\/span><\/span>Informaci\u00f3n e inscripciones:<br \/>\nAgencia de Desarrollo Local de Medio Cudeyo (Casa Corpas)<br \/>\n942 522 833<br \/>\nadl@mediocudeyo.es<\/p>\n<p>Talleres dentro del marco del PlanJovem.<\/p>\n","protected":false},"excerpt":{"rendered":"<p>Nuevos talleres para j\u00f3venes en b\u00fasqueda de empleo o que quieran mejorar sus habilidades y perfil profesional. &nbsp; &nbsp; Dirigido a menores de 35 a\u00f1os. Gratuitos. 21 de abril. De [&hellip;]<\/p>\n","protected":false},"author":4,"featured_media":19943,"comment_status":"closed","ping_status":"closed","sticky":false,"template":"","format":"standard","meta":{"footnotes":""},"categories":[33],"tags":[475,94,226,544],"class_list":["post-19941","post","type-post","status-publish","format-standard","has-post-thumbnail","hentry","category-adl","tag-agencia-de-desarrollo-local","tag-empleo","tag-formacion","tag-juventud-2"],"_links":{"self":[{"href":"https:\/\/mediocudeyo.es\/web\/wp-json\/wp\/v2\/posts\/19941"}],"collection":[{"href":"https:\/\/mediocudeyo.es\/web\/wp-json\/wp\/v2\/posts"}],"about":[{"href":"https:\/\/mediocudeyo.es\/web\/wp-json\/wp\/v2\/types\/post"}],"author":[{"embeddable":true,"href":"https:\/\/mediocudeyo.es\/web\/wp-json\/wp\/v2\/users\/4"}],"replies":[{"embeddable":true,"href":"https:\/\/mediocudeyo.es\/web\/wp-json\/wp\/v2\/comments?post=19941"}],"version-history":[{"count":2,"href":"https:\/\/mediocudeyo.es\/web\/wp-json\/wp\/v2\/posts\/19941\/revisions"}],"predecessor-version":[{"id":19945,"href":"https:\/\/mediocudeyo.es\/web\/wp-json\/wp\/v2\/posts\/19941\/revisions\/19945"}],"wp:featuredmedia":[{"embeddable":true,"href":"https:\/\/mediocudeyo.es\/web\/wp-json\/wp\/v2\/media\/19943"}],"wp:attachment":[{"href":"https:\/\/mediocudeyo.es\/web\/wp-json\/wp\/v2\/media?parent=19941"}],"wp:term":[{"taxonomy":"category","embeddable":true,"href":"https:\/\/mediocudeyo.es\/web\/wp-json\/wp\/v2\/categories?post=19941"},{"taxonomy":"post_tag","embeddable":true,"href":"https:\/\/mediocudeyo.es\/web\/wp-json\/wp\/v2\/tags?post=19941"}],"curies":[{"name":"wp","href":"https:\/\/api.w.org\/{rel}","templated":true}]}}