{"id":19952,"date":"2023-04-06T06:24:37","date_gmt":"2023-04-06T06:24:37","guid":{"rendered":"https:\/\/mediocudeyo.es\/web\/?p=19952"},"modified":"2023-04-13T06:27:25","modified_gmt":"2023-04-13T06:27:25","slug":"iii-concurso-literario-centro-cultural-ramon-pelayode-relato-corto","status":"publish","type":"post","link":"https:\/\/mediocudeyo.es\/web\/iii-concurso-literario-centro-cultural-ramon-pelayode-relato-corto\/","title":{"rendered":"III CONCURSO LITERARIO \u201cCentro Cultural Ram\u00f3n Pelayo\u201dde relato corto"},"content":{"rendered":"<p>La Concejal\u00eda de cultura, Educaci\u00f3n, Juventud e Infancia presenta el <strong>III CONCURSO LITERARIO \u201cCentro Cultural Ram\u00f3n Pelayo\u201dde relato corto<\/strong>.<\/p>\n<p>Tras dos exitosas convocatorias,\u00a0 esta iniciativa quiere generar un espacio permanente de creaci\u00f3n literaria donde la ciudadan\u00eda potencie el gusto por la escritura y la lectura, as\u00ed como lograr que el Centro Cultural Ram\u00f3n Pelayo llegue a ser referente den este tipo de iniciativas.<\/p>\n<p>Las obras podr\u00e1n presentarse d<em><strong>el 23 de abril al 23 de mayo a las 23:59 horas<\/strong><\/em>. Habr\u00e1, como en anteriores ocasiones, dos categor\u00edas: General y Especial (reservada para la ciudadan\u00eda de Medio Cudeyo).<\/p>\n<p>Las bases del concurso, con todas las especificaciones sobre la obra,\u00a0 su env\u00edo, categor\u00edas y premios, pueden descargarse aqu\u00ed: <strong><a href=\"https:\/\/mediocudeyo.es\/web\/wp-content\/uploads\/2023\/04\/BASES.-III-Concurso-Literario-RELATO-CORTO.pdf\" target=\"_blank\" rel=\"noopener\">BASES. III Concurso Literario RELATO CORTO<\/a><\/strong><\/p>\n<h3><\/h3>\n","protected":false},"excerpt":{"rendered":"<p>La Concejal\u00eda de cultura, Educaci\u00f3n, Juventud e Infancia presenta el III CONCURSO LITERARIO \u201cCentro Cultural Ram\u00f3n Pelayo\u201dde relato corto. Tras dos exitosas convocatorias,\u00a0 esta iniciativa quiere generar un espacio permanente [&hellip;]<\/p>\n","protected":false},"author":4,"featured_media":19953,"comment_status":"closed","ping_status":"closed","sticky":false,"template":"","format":"standard","meta":{"footnotes":""},"categories":[37],"tags":[84,104,644,448],"class_list":["post-19952","post","type-post","status-publish","format-standard","has-post-thumbnail","hentry","category-centro-cultural","tag-biblioteca","tag-centro-cultural","tag-concurso-de-relato","tag-dia-del-libro"],"_links":{"self":[{"href":"https:\/\/mediocudeyo.es\/web\/wp-json\/wp\/v2\/posts\/19952"}],"collection":[{"href":"https:\/\/mediocudeyo.es\/web\/wp-json\/wp\/v2\/posts"}],"about":[{"href":"https:\/\/mediocudeyo.es\/web\/wp-json\/wp\/v2\/types\/post"}],"author":[{"embeddable":true,"href":"https:\/\/mediocudeyo.es\/web\/wp-json\/wp\/v2\/users\/4"}],"replies":[{"embeddable":true,"href":"https:\/\/mediocudeyo.es\/web\/wp-json\/wp\/v2\/comments?post=19952"}],"version-history":[{"count":1,"href":"https:\/\/mediocudeyo.es\/web\/wp-json\/wp\/v2\/posts\/19952\/revisions"}],"predecessor-version":[{"id":19955,"href":"https:\/\/mediocudeyo.es\/web\/wp-json\/wp\/v2\/posts\/19952\/revisions\/19955"}],"wp:featuredmedia":[{"embeddable":true,"href":"https:\/\/mediocudeyo.es\/web\/wp-json\/wp\/v2\/media\/19953"}],"wp:attachment":[{"href":"https:\/\/mediocudeyo.es\/web\/wp-json\/wp\/v2\/media?parent=19952"}],"wp:term":[{"taxonomy":"category","embeddable":true,"href":"https:\/\/mediocudeyo.es\/web\/wp-json\/wp\/v2\/categories?post=19952"},{"taxonomy":"post_tag","embeddable":true,"href":"https:\/\/mediocudeyo.es\/web\/wp-json\/wp\/v2\/tags?post=19952"}],"curies":[{"name":"wp","href":"https:\/\/api.w.org\/{rel}","templated":true}]}}