{"id":19956,"date":"2023-04-10T06:27:54","date_gmt":"2023-04-10T06:27:54","guid":{"rendered":"https:\/\/mediocudeyo.es\/web\/?p=19956"},"modified":"2023-04-13T06:29:26","modified_gmt":"2023-04-13T06:29:26","slug":"conferencia-sobre-el-agua-en-el-mundo","status":"publish","type":"post","link":"https:\/\/mediocudeyo.es\/web\/conferencia-sobre-el-agua-en-el-mundo\/","title":{"rendered":"Conferencia sobre \u00abEl agua en el mundo\u00bb"},"content":{"rendered":"<p>La Asociaci\u00f3n <strong>AMASOL<\/strong> nos acerca al Centro Cultural la conferencia: <em><strong>\u00abEl agua en el mundo\u00bb<\/strong><\/em>, de la mano del <strong>Dr. <span class=\"x193iq5w xeuugli x13faqbe x1vvkbs x1xmvt09 x1lliihq x1s928wv xhkezso x1gmr53x x1cpjm7i x1fgarty x1943h6x xudqn12 x3x7a5m x6prxxf xvq8zen xo1l8bm xzsf02u x1yc453h\" dir=\"auto\">Jos\u00e9 Antonio Otero Hermida.<\/span><\/strong><\/p>\n<p><span class=\"x193iq5w xeuugli x13faqbe x1vvkbs x1xmvt09 x1lliihq x1s928wv xhkezso x1gmr53x x1cpjm7i x1fgarty x1943h6x xudqn12 x3x7a5m x6prxxf xvq8zen xo1l8bm xzsf02u x1yc453h\" dir=\"auto\">El ponente es\u00a0 Dr. en Ciencias Qu\u00edmicas y Farmac\u00e9utico , ex-profesor de Ingenier\u00eda Qu\u00edmica en la Universidad de Cantabria y presidente del Centro Gallego de Santander. <\/span><\/p>\n<p>El acto ser\u00e1 el<strong> jueves 13 de abril<\/strong>, <strong>19:30 horas.<\/strong> E<em>ntrada libre hasta completar aforo<\/em>.<\/p>\n<p>&nbsp;<\/p>\n","protected":false},"excerpt":{"rendered":"<p>La Asociaci\u00f3n AMASOL nos acerca al Centro Cultural la conferencia: \u00abEl agua en el mundo\u00bb, de la mano del Dr. Jos\u00e9 Antonio Otero Hermida. El ponente es\u00a0 Dr. en Ciencias [&hellip;]<\/p>\n","protected":false},"author":4,"featured_media":19957,"comment_status":"closed","ping_status":"closed","sticky":false,"template":"","format":"standard","meta":{"footnotes":""},"categories":[37],"tags":[],"class_list":["post-19956","post","type-post","status-publish","format-standard","has-post-thumbnail","hentry","category-centro-cultural"],"_links":{"self":[{"href":"https:\/\/mediocudeyo.es\/web\/wp-json\/wp\/v2\/posts\/19956"}],"collection":[{"href":"https:\/\/mediocudeyo.es\/web\/wp-json\/wp\/v2\/posts"}],"about":[{"href":"https:\/\/mediocudeyo.es\/web\/wp-json\/wp\/v2\/types\/post"}],"author":[{"embeddable":true,"href":"https:\/\/mediocudeyo.es\/web\/wp-json\/wp\/v2\/users\/4"}],"replies":[{"embeddable":true,"href":"https:\/\/mediocudeyo.es\/web\/wp-json\/wp\/v2\/comments?post=19956"}],"version-history":[{"count":1,"href":"https:\/\/mediocudeyo.es\/web\/wp-json\/wp\/v2\/posts\/19956\/revisions"}],"predecessor-version":[{"id":19958,"href":"https:\/\/mediocudeyo.es\/web\/wp-json\/wp\/v2\/posts\/19956\/revisions\/19958"}],"wp:featuredmedia":[{"embeddable":true,"href":"https:\/\/mediocudeyo.es\/web\/wp-json\/wp\/v2\/media\/19957"}],"wp:attachment":[{"href":"https:\/\/mediocudeyo.es\/web\/wp-json\/wp\/v2\/media?parent=19956"}],"wp:term":[{"taxonomy":"category","embeddable":true,"href":"https:\/\/mediocudeyo.es\/web\/wp-json\/wp\/v2\/categories?post=19956"},{"taxonomy":"post_tag","embeddable":true,"href":"https:\/\/mediocudeyo.es\/web\/wp-json\/wp\/v2\/tags?post=19956"}],"curies":[{"name":"wp","href":"https:\/\/api.w.org\/{rel}","templated":true}]}}