{"id":19990,"date":"2023-04-14T11:47:12","date_gmt":"2023-04-14T11:47:12","guid":{"rendered":"https:\/\/mediocudeyo.es\/web\/?p=19990"},"modified":"2023-04-24T14:26:35","modified_gmt":"2023-04-24T14:26:35","slug":"feria-del-libro-2023","status":"publish","type":"post","link":"https:\/\/mediocudeyo.es\/web\/feria-del-libro-2023\/","title":{"rendered":"Feria del libro 2023"},"content":{"rendered":"<p>Llega la Feria del Libro de Medio Cudeyo. El pr\u00f3ximo <strong>s\u00e1bado 22 de abril<\/strong> en el <em>Parque Monse\u00f1or de Cos<\/em> (Solares).<\/p>\n<p>Desde las <strong>11:30 de la ma\u00f1ana y hasta las 20:00 horas<\/strong> podremos disfrutar de presentaciones de libros, micro abierto, stands de feria, reto lector, caf\u00e9 y chocolate para los asistentes, talleres infantiles, sorteo de libros\u00a0 y verm\u00fa literario amenizado.<\/p>\n<p><a href=\"https:\/\/mediocudeyo.es\/web\/wp-content\/uploads\/2023\/04\/FERIA-DEL-LIBRO-CARTEL-JPG-724x1024-1.jpg\" data-rel=\"lightbox-image-0\" data-rl_title=\"\" data-rl_caption=\"\" title=\"\"><img fetchpriority=\"high\" decoding=\"async\" class=\"aligncenter wp-image-20017 size-full\" src=\"https:\/\/mediocudeyo.es\/web\/wp-content\/uploads\/2023\/04\/FERIA-DEL-LIBRO-CARTEL-JPG-724x1024-1.jpg\" alt=\"\" width=\"724\" height=\"1024\" srcset=\"https:\/\/mediocudeyo.es\/web\/wp-content\/uploads\/2023\/04\/FERIA-DEL-LIBRO-CARTEL-JPG-724x1024-1.jpg 724w, https:\/\/mediocudeyo.es\/web\/wp-content\/uploads\/2023\/04\/FERIA-DEL-LIBRO-CARTEL-JPG-724x1024-1-212x300.jpg 212w\" sizes=\"(max-width: 724px) 100vw, 724px\" \/><\/a><\/p>\n<p>&nbsp;<\/p>\n","protected":false},"excerpt":{"rendered":"<p>Llega la Feria del Libro de Medio Cudeyo. El pr\u00f3ximo s\u00e1bado 22 de abril en el Parque Monse\u00f1or de Cos (Solares). Desde las 11:30 de la ma\u00f1ana y hasta las [&hellip;]<\/p>\n","protected":false},"author":4,"featured_media":20017,"comment_status":"closed","ping_status":"closed","sticky":false,"template":"","format":"standard","meta":{"footnotes":""},"categories":[37],"tags":[],"class_list":["post-19990","post","type-post","status-publish","format-standard","has-post-thumbnail","hentry","category-centro-cultural"],"_links":{"self":[{"href":"https:\/\/mediocudeyo.es\/web\/wp-json\/wp\/v2\/posts\/19990"}],"collection":[{"href":"https:\/\/mediocudeyo.es\/web\/wp-json\/wp\/v2\/posts"}],"about":[{"href":"https:\/\/mediocudeyo.es\/web\/wp-json\/wp\/v2\/types\/post"}],"author":[{"embeddable":true,"href":"https:\/\/mediocudeyo.es\/web\/wp-json\/wp\/v2\/users\/4"}],"replies":[{"embeddable":true,"href":"https:\/\/mediocudeyo.es\/web\/wp-json\/wp\/v2\/comments?post=19990"}],"version-history":[{"count":3,"href":"https:\/\/mediocudeyo.es\/web\/wp-json\/wp\/v2\/posts\/19990\/revisions"}],"predecessor-version":[{"id":20019,"href":"https:\/\/mediocudeyo.es\/web\/wp-json\/wp\/v2\/posts\/19990\/revisions\/20019"}],"wp:featuredmedia":[{"embeddable":true,"href":"https:\/\/mediocudeyo.es\/web\/wp-json\/wp\/v2\/media\/20017"}],"wp:attachment":[{"href":"https:\/\/mediocudeyo.es\/web\/wp-json\/wp\/v2\/media?parent=19990"}],"wp:term":[{"taxonomy":"category","embeddable":true,"href":"https:\/\/mediocudeyo.es\/web\/wp-json\/wp\/v2\/categories?post=19990"},{"taxonomy":"post_tag","embeddable":true,"href":"https:\/\/mediocudeyo.es\/web\/wp-json\/wp\/v2\/tags?post=19990"}],"curies":[{"name":"wp","href":"https:\/\/api.w.org\/{rel}","templated":true}]}}