{"id":20009,"date":"2023-04-21T13:21:21","date_gmt":"2023-04-21T13:21:21","guid":{"rendered":"https:\/\/mediocudeyo.es\/web\/?p=20009"},"modified":"2023-04-20T13:23:49","modified_gmt":"2023-04-20T13:23:49","slug":"fusionarte-28-de-abril-cantarina","status":"publish","type":"post","link":"https:\/\/mediocudeyo.es\/web\/fusionarte-28-de-abril-cantarina\/","title":{"rendered":"FusionARTE 28 de abril: Cantarina"},"content":{"rendered":"<p>El pr\u00f3ximo <strong>viernes 28 de abril<\/strong> podremos disfrutar dentro del Ciclo FusionARTE del concierto de <strong>Cantarina<\/strong>.<\/p>\n<p>&nbsp;<\/p>\n<p>\u201c<a href=\"https:\/\/www.youtube.com\/@mericantarina\">Cantarina<\/a>\u201d es un proyecto musical de Mar\u00eda M\u00e9ndez, int\u00e9rprete y compositora de estilo inde-pendiente, con aire folk. Desde ni\u00f1a mostr\u00f3 su inter\u00e9s por el arte en sus distintas formas. Aprendi\u00f3 m\u00fasica a trav\u00e9s de clases particulares y, m\u00e1s tarde, de manera autodidacta. Se interes\u00f3 por distintos instrumentos: piano, guitarra, viol\u00edn, ukelele y caj\u00f3n.<\/p>\n<p><iframe title=\"CANTARINA - Promo\" width=\"500\" height=\"281\" src=\"https:\/\/www.youtube.com\/embed\/JVKQ-WJb8FI?feature=oembed\" frameborder=\"0\" allow=\"accelerometer; autoplay; clipboard-write; encrypted-media; gyroscope; picture-in-picture; web-share\" referrerpolicy=\"strict-origin-when-cross-origin\" allowfullscreen><\/iframe><\/p>\n<p>En 2018 se integr\u00f3 en la banda de<strong> Ram\u00f3n Bueno<\/strong>, con quien ha recorrido la geograf\u00eda c\u00e1ntabra durante los \u00faltimos a\u00f1os\u00a0 y con quien contar\u00e1 en su puesta de escena en directo, acompa\u00f1ando y\u00a0 enriqueciendo sus obras con arreglos de acorde\u00f3n y piano.<\/p>\n<div class=\"x11i5rnm xat24cr x1mh8g0r x1vvkbs xtlvy1s x126k92a\">\n<div dir=\"auto\"><span class=\"x3nfvp2 x1j61x8r x1fcty0u xdj266r xhhsvwb xat24cr xgzva0m xxymvpz xlup9mm x1kky2od\"><img decoding=\"async\" src=\"https:\/\/static.xx.fbcdn.net\/images\/emoji.php\/v9\/tdf\/1\/16\/1f4b5.png\" alt=\"\" width=\"16\" height=\"16\" \/><\/span>Precio: 3\u20ac<\/div>\n<div dir=\"auto\"><span class=\"x3nfvp2 x1j61x8r x1fcty0u xdj266r xhhsvwb xat24cr xgzva0m xxymvpz xlup9mm x1kky2od\"><img decoding=\"async\" src=\"https:\/\/static.xx.fbcdn.net\/images\/emoji.php\/v9\/t8e\/1\/16\/2139.png\" alt=\"\u2139\ufe0f\" width=\"16\" height=\"16\" \/><\/span> Venta y reserva de entradas en:<\/div>\n<div dir=\"auto\"><span class=\"x3nfvp2 x1j61x8r x1fcty0u xdj266r xhhsvwb xat24cr xgzva0m xxymvpz xlup9mm x1kky2od\"><img decoding=\"async\" src=\"https:\/\/static.xx.fbcdn.net\/images\/emoji.php\/v9\/te5\/1\/16\/1f492.png\" alt=\"\" width=\"16\" height=\"16\" \/><\/span> Centro Cultural Ram\u00f3n Pelayo<\/div>\n<div dir=\"auto\"><span class=\"x3nfvp2 x1j61x8r x1fcty0u xdj266r xhhsvwb xat24cr xgzva0m xxymvpz xlup9mm x1kky2od\"><img loading=\"lazy\" decoding=\"async\" src=\"https:\/\/static.xx.fbcdn.net\/images\/emoji.php\/v9\/t22\/1\/16\/260e.png\" alt=\"\u260e\" width=\"16\" height=\"16\" \/><\/span> 942 52 26 85 (Tambi\u00e9n por WhatsApp al mismo n\u00famero)<\/div>\n<div dir=\"auto\"><span class=\"x3nfvp2 x1j61x8r x1fcty0u xdj266r xhhsvwb xat24cr xgzva0m xxymvpz xlup9mm x1kky2od\"><img loading=\"lazy\" decoding=\"async\" src=\"https:\/\/static.xx.fbcdn.net\/images\/emoji.php\/v9\/tbe\/1\/16\/1f4e7.png\" alt=\"\" width=\"16\" height=\"16\" \/><\/span> centrocultural@mediocudeyo.es<\/div>\n<\/div>\n<div class=\"x11i5rnm xat24cr x1mh8g0r x1vvkbs xtlvy1s x126k92a\">\n<div dir=\"auto\"><\/div>\n<\/div>\n<p>&nbsp;<\/p>\n","protected":false},"excerpt":{"rendered":"<p>El pr\u00f3ximo viernes 28 de abril podremos disfrutar dentro del Ciclo FusionARTE del concierto de Cantarina. &nbsp; \u201cCantarina\u201d es un proyecto musical de Mar\u00eda M\u00e9ndez, int\u00e9rprete y compositora de estilo [&hellip;]<\/p>\n","protected":false},"author":4,"featured_media":20010,"comment_status":"closed","ping_status":"closed","sticky":false,"template":"","format":"standard","meta":{"footnotes":""},"categories":[37],"tags":[104,90,82,160],"class_list":["post-20009","post","type-post","status-publish","format-standard","has-post-thumbnail","hentry","category-centro-cultural","tag-centro-cultural","tag-concierto","tag-fusionarte","tag-musica"],"_links":{"self":[{"href":"https:\/\/mediocudeyo.es\/web\/wp-json\/wp\/v2\/posts\/20009"}],"collection":[{"href":"https:\/\/mediocudeyo.es\/web\/wp-json\/wp\/v2\/posts"}],"about":[{"href":"https:\/\/mediocudeyo.es\/web\/wp-json\/wp\/v2\/types\/post"}],"author":[{"embeddable":true,"href":"https:\/\/mediocudeyo.es\/web\/wp-json\/wp\/v2\/users\/4"}],"replies":[{"embeddable":true,"href":"https:\/\/mediocudeyo.es\/web\/wp-json\/wp\/v2\/comments?post=20009"}],"version-history":[{"count":1,"href":"https:\/\/mediocudeyo.es\/web\/wp-json\/wp\/v2\/posts\/20009\/revisions"}],"predecessor-version":[{"id":20011,"href":"https:\/\/mediocudeyo.es\/web\/wp-json\/wp\/v2\/posts\/20009\/revisions\/20011"}],"wp:featuredmedia":[{"embeddable":true,"href":"https:\/\/mediocudeyo.es\/web\/wp-json\/wp\/v2\/media\/20010"}],"wp:attachment":[{"href":"https:\/\/mediocudeyo.es\/web\/wp-json\/wp\/v2\/media?parent=20009"}],"wp:term":[{"taxonomy":"category","embeddable":true,"href":"https:\/\/mediocudeyo.es\/web\/wp-json\/wp\/v2\/categories?post=20009"},{"taxonomy":"post_tag","embeddable":true,"href":"https:\/\/mediocudeyo.es\/web\/wp-json\/wp\/v2\/tags?post=20009"}],"curies":[{"name":"wp","href":"https:\/\/api.w.org\/{rel}","templated":true}]}}