{"id":20012,"date":"2023-04-20T13:26:51","date_gmt":"2023-04-20T13:26:51","guid":{"rendered":"https:\/\/mediocudeyo.es\/web\/?p=20012"},"modified":"2023-04-20T13:26:51","modified_gmt":"2023-04-20T13:26:51","slug":"filmoteca-el-comensal","status":"publish","type":"post","link":"https:\/\/mediocudeyo.es\/web\/filmoteca-el-comensal\/","title":{"rendered":"Filmoteca: \u00abEl comensal\u00bb"},"content":{"rendered":"<p>Este domingo la Filmoteca Regional nos trae al Centro Cultural: <strong>\u00abEl comensal\u00bb<\/strong> de <em>\u00c1ngeles Gonz\u00e1lez-Sinde<\/em> (Espa\u00f1a).<\/p>\n<p>\u23fa <em><strong>Sinopsis<\/strong><\/em>: Iciar en 2011 en Navarra afronta el c\u00e1ncer fulminante de su madre. A partir de esta inesperada p\u00e9rdida, Iciar toma conciencia del tr\u00e1gico secuestro y asesinato de su abuelo, al que nunca conoci\u00f3, a manos de ETA en 1977. Ante la negativa de Fernando, su padre, de hablar del asunto. Iciar se embarca por su cuenta en una reconstrucci\u00f3n de los tensos d\u00edas del secuestro cuarenta a\u00f1os atr\u00e1s. Gracias a su esfuerzo por sacar a la luz la memoria familiar, su padre y ella se reencontrar\u00e1n en una nueva manera de mirar al pasado para vivir el futuro&#8230;<br \/>\nAdaptaci\u00f3n de la novela hom\u00f3nima autobiogr\u00e1fica de Gabriela Ybarra.<\/p>\n<p>\u23fa <em><strong>Trailer<\/strong><\/em>:<\/p>\n<p><iframe title=\"Tr\u00e1iler &quot;El Comensal&quot;\" width=\"500\" height=\"281\" src=\"https:\/\/www.youtube.com\/embed\/PuoUvAuTrlQ?feature=oembed\" frameborder=\"0\" allow=\"accelerometer; autoplay; clipboard-write; encrypted-media; gyroscope; picture-in-picture; web-share\" referrerpolicy=\"strict-origin-when-cross-origin\" allowfullscreen><\/iframe><\/p>\n<p><strong>Domingo 23 de abril. 19:30 horas.<\/strong><br \/>\n\u2139\ufe0f Precio \u00fanico: 1,50\u20ac. No es necesaria reserva previa<\/p>\n<p>&nbsp;<\/p>\n","protected":false},"excerpt":{"rendered":"<p>Este domingo la Filmoteca Regional nos trae al Centro Cultural: \u00abEl comensal\u00bb de \u00c1ngeles Gonz\u00e1lez-Sinde (Espa\u00f1a). \u23fa Sinopsis: Iciar en 2011 en Navarra afronta el c\u00e1ncer fulminante de su madre. [&hellip;]<\/p>\n","protected":false},"author":4,"featured_media":20013,"comment_status":"closed","ping_status":"closed","sticky":false,"template":"","format":"standard","meta":{"footnotes":""},"categories":[37],"tags":[104,116,117],"class_list":["post-20012","post","type-post","status-publish","format-standard","has-post-thumbnail","hentry","category-centro-cultural","tag-centro-cultural","tag-cine","tag-filmoteca"],"_links":{"self":[{"href":"https:\/\/mediocudeyo.es\/web\/wp-json\/wp\/v2\/posts\/20012"}],"collection":[{"href":"https:\/\/mediocudeyo.es\/web\/wp-json\/wp\/v2\/posts"}],"about":[{"href":"https:\/\/mediocudeyo.es\/web\/wp-json\/wp\/v2\/types\/post"}],"author":[{"embeddable":true,"href":"https:\/\/mediocudeyo.es\/web\/wp-json\/wp\/v2\/users\/4"}],"replies":[{"embeddable":true,"href":"https:\/\/mediocudeyo.es\/web\/wp-json\/wp\/v2\/comments?post=20012"}],"version-history":[{"count":1,"href":"https:\/\/mediocudeyo.es\/web\/wp-json\/wp\/v2\/posts\/20012\/revisions"}],"predecessor-version":[{"id":20014,"href":"https:\/\/mediocudeyo.es\/web\/wp-json\/wp\/v2\/posts\/20012\/revisions\/20014"}],"wp:featuredmedia":[{"embeddable":true,"href":"https:\/\/mediocudeyo.es\/web\/wp-json\/wp\/v2\/media\/20013"}],"wp:attachment":[{"href":"https:\/\/mediocudeyo.es\/web\/wp-json\/wp\/v2\/media?parent=20012"}],"wp:term":[{"taxonomy":"category","embeddable":true,"href":"https:\/\/mediocudeyo.es\/web\/wp-json\/wp\/v2\/categories?post=20012"},{"taxonomy":"post_tag","embeddable":true,"href":"https:\/\/mediocudeyo.es\/web\/wp-json\/wp\/v2\/tags?post=20012"}],"curies":[{"name":"wp","href":"https:\/\/api.w.org\/{rel}","templated":true}]}}