{"id":20157,"date":"2023-04-28T12:34:30","date_gmt":"2023-04-28T12:34:30","guid":{"rendered":"https:\/\/mediocudeyo.es\/web\/?p=20157"},"modified":"2023-05-05T12:36:19","modified_gmt":"2023-05-05T12:36:19","slug":"fusionarte-alejandro-revuelta","status":"publish","type":"post","link":"https:\/\/mediocudeyo.es\/web\/fusionarte-alejandro-revuelta\/","title":{"rendered":"FusionARTE: Alejandro Revuelta"},"content":{"rendered":"<div data-contents=\"true\" data-auto-logging-id=\"f2f132ff02be394\">\n<div class=\"\" data-block=\"true\" data-editor=\"ehtr5\" data-offset-key=\"5megb-0-0\">\n<div class=\"_1mf _1mj\" data-offset-key=\"5megb-0-0\" data-auto-logging-id=\"f1829ca125de3a\"><span data-offset-key=\"5megb-0-0\">Un nuevo espect\u00e1culo familiar te espera el pr\u00f3ximo <strong><em>domingo 7 de mayo<\/em> <\/strong>en FusionARTE.<\/span><\/div>\n<\/div>\n<div class=\"\" data-block=\"true\" data-editor=\"ehtr5\" data-offset-key=\"1lept-0-0\">\n<div class=\"_1mf _1mj\" data-offset-key=\"1lept-0-0\"><span data-offset-key=\"1lept-0-0\">\u00a0<\/span><\/div>\n<\/div>\n<div class=\"\" data-block=\"true\" data-editor=\"ehtr5\" data-offset-key=\"dd6c7-0-0\">\n<div class=\"_1mf _1mj\" data-offset-key=\"dd6c7-0-0\" data-auto-logging-id=\"f1a0530e733cadc\"><span data-offset-key=\"dd6c7-0-0\">En esta ocasi\u00f3n <\/span><span class=\"_247o\" spellcheck=\"false\" data-offset-key=\"dd6c7-1-0\"><span data-offset-key=\"dd6c7-1-0\"><strong>Alejandro Revuelta<\/strong><\/span><\/span><span data-offset-key=\"dd6c7-2-0\"> nos trae su espect\u00e1culo <em><strong>\u00abLa Reina de las artes\u00bb<\/strong><\/em>. Durante el show se desaf\u00edan los l\u00edmites de la realidad para que grandes y peque\u00f1os disfruten de situaciones y fen\u00f3menos imposibles. El humor, el mentalismo la poes\u00eda, presentes en todo el espect\u00e1culo, har\u00e1n que el protagonista sea, en todo momento, el propio espectador. <\/span><\/div>\n<\/div>\n<div class=\"\" data-block=\"true\" data-editor=\"ehtr5\" data-offset-key=\"7s28p-0-0\">\n<div class=\"_1mf _1mj\" data-offset-key=\"7s28p-0-0\"><span data-offset-key=\"7s28p-0-0\">\u00a0<\/span><\/div>\n<\/div>\n<div class=\"\" data-block=\"true\" data-editor=\"ehtr5\" data-offset-key=\"71pbm-0-0\">\n<div class=\"_1mf _1mj\" data-offset-key=\"71pbm-0-0\"><span data-offset-key=\"71pbm-0-0\">\u2665\ufe0f\u2660\ufe0f Domingo 7 de mayo: \u00abLa Reina de las artes\u00bb. 12:00 horas.<\/span><\/div>\n<\/div>\n<div class=\"\" data-block=\"true\" data-editor=\"ehtr5\" data-offset-key=\"bkg6r-0-0\">\n<div class=\"_1mf _1mj\" data-offset-key=\"bkg6r-0-0\"><span data-offset-key=\"bkg6r-0-0\">Precio: 1\u20ac<\/span><\/div>\n<\/div>\n<div class=\"\" data-block=\"true\" data-editor=\"ehtr5\" data-offset-key=\"3hfi0-0-0\">\n<div class=\"_1mf _1mj\" data-offset-key=\"3hfi0-0-0\"><span data-offset-key=\"3hfi0-0-0\">\u00a0<\/span><\/div>\n<\/div>\n<div class=\"\" data-block=\"true\" data-editor=\"ehtr5\" data-offset-key=\"722ml-0-0\">\n<div class=\"_1mf _1mj\" data-offset-key=\"722ml-0-0\"><span data-offset-key=\"722ml-0-0\">\u2139\ufe0f Venta y reserva de entradas en:<\/span><\/div>\n<\/div>\n<div class=\"\" data-block=\"true\" data-editor=\"ehtr5\" data-offset-key=\"3paa4-0-0\">\n<div class=\"_1mf _1mj\" data-offset-key=\"3paa4-0-0\"><span data-offset-key=\"3paa4-0-0\"> Centro Cultural Ram\u00f3n Pelayo<\/span><\/div>\n<\/div>\n<div class=\"\" data-block=\"true\" data-editor=\"ehtr5\" data-offset-key=\"86ntd-0-0\">\n<div class=\"_1mf _1mj\" data-offset-key=\"86ntd-0-0\"><span data-offset-key=\"86ntd-0-0\">\u260e 942 52 26 85 (Tambi\u00e9n por WhatsApp al mismo n\u00famero)<\/span><\/div>\n<\/div>\n<div class=\"\" data-block=\"true\" data-editor=\"ehtr5\" data-offset-key=\"956l4-0-0\">\n<div class=\"_1mf _1mj\" data-offset-key=\"956l4-0-0\"><span data-offset-key=\"956l4-0-0\"> centrocultural@mediocudeyo.es<\/span><\/div>\n<\/div>\n<div class=\"\" data-block=\"true\" data-editor=\"ehtr5\" data-offset-key=\"7cs9b-0-0\"><\/div>\n<div class=\"_1mf _1mj\" data-offset-key=\"ccl30-0-0\"><\/div>\n<\/div>\n","protected":false},"excerpt":{"rendered":"<p>Un nuevo espect\u00e1culo familiar te espera el pr\u00f3ximo domingo 7 de mayo en FusionARTE. \u00a0 En esta ocasi\u00f3n Alejandro Revuelta nos trae su espect\u00e1culo \u00abLa Reina de las artes\u00bb. Durante [&hellip;]<\/p>\n","protected":false},"author":4,"featured_media":20159,"comment_status":"closed","ping_status":"closed","sticky":false,"template":"","format":"standard","meta":{"footnotes":""},"categories":[37],"tags":[104,110,82,650,91],"class_list":["post-20157","post","type-post","status-publish","format-standard","has-post-thumbnail","hentry","category-centro-cultural","tag-centro-cultural","tag-familia","tag-fusionarte","tag-ilusionismo","tag-magia"],"_links":{"self":[{"href":"https:\/\/mediocudeyo.es\/web\/wp-json\/wp\/v2\/posts\/20157"}],"collection":[{"href":"https:\/\/mediocudeyo.es\/web\/wp-json\/wp\/v2\/posts"}],"about":[{"href":"https:\/\/mediocudeyo.es\/web\/wp-json\/wp\/v2\/types\/post"}],"author":[{"embeddable":true,"href":"https:\/\/mediocudeyo.es\/web\/wp-json\/wp\/v2\/users\/4"}],"replies":[{"embeddable":true,"href":"https:\/\/mediocudeyo.es\/web\/wp-json\/wp\/v2\/comments?post=20157"}],"version-history":[{"count":2,"href":"https:\/\/mediocudeyo.es\/web\/wp-json\/wp\/v2\/posts\/20157\/revisions"}],"predecessor-version":[{"id":20160,"href":"https:\/\/mediocudeyo.es\/web\/wp-json\/wp\/v2\/posts\/20157\/revisions\/20160"}],"wp:featuredmedia":[{"embeddable":true,"href":"https:\/\/mediocudeyo.es\/web\/wp-json\/wp\/v2\/media\/20159"}],"wp:attachment":[{"href":"https:\/\/mediocudeyo.es\/web\/wp-json\/wp\/v2\/media?parent=20157"}],"wp:term":[{"taxonomy":"category","embeddable":true,"href":"https:\/\/mediocudeyo.es\/web\/wp-json\/wp\/v2\/categories?post=20157"},{"taxonomy":"post_tag","embeddable":true,"href":"https:\/\/mediocudeyo.es\/web\/wp-json\/wp\/v2\/tags?post=20157"}],"curies":[{"name":"wp","href":"https:\/\/api.w.org\/{rel}","templated":true}]}}