{"id":20290,"date":"2023-05-12T11:09:49","date_gmt":"2023-05-12T11:09:49","guid":{"rendered":"https:\/\/mediocudeyo.es\/web\/?p=20290"},"modified":"2023-05-12T11:09:49","modified_gmt":"2023-05-12T11:09:49","slug":"fusionarte-ilusionismo-con-cesar-bueno","status":"publish","type":"post","link":"https:\/\/mediocudeyo.es\/web\/fusionarte-ilusionismo-con-cesar-bueno\/","title":{"rendered":"FusionARTE: Ilusionismo con C\u00e9sar Bueno"},"content":{"rendered":"<div data-contents=\"true\">\n<div class=\"\" data-block=\"true\" data-editor=\"3vcc0\" data-offset-key=\"a2hr0-0-0\">\n<div class=\"_1mf _1mj\" data-offset-key=\"a2hr0-0-0\" data-auto-logging-id=\"f3bcc95c988ecd8\"><span data-offset-key=\"a2hr0-0-0\">Un nuevo espect\u00e1culo familiar te espera el pr\u00f3ximo <strong>domingo 21 de mayo<\/strong> en FusionARTE: \u00abEL TRAFICANTE DE ILUSIONES\u00bb, ilusionismo de la mano de <\/span><span class=\"_247o\" spellcheck=\"false\" data-offset-key=\"a2hr0-1-0\"><span data-offset-key=\"a2hr0-1-0\">C\u00e9sar Bueno<br \/>\n<\/span><\/span><\/div>\n<\/div>\n<div class=\"\" data-block=\"true\" data-editor=\"3vcc0\" data-offset-key=\"7dj6-0-0\">\n<div class=\"_1mf _1mj\" data-offset-key=\"7dj6-0-0\"><span data-offset-key=\"7dj6-0-0\">\u00a0<\/span><\/div>\n<\/div>\n<div class=\"\" data-block=\"true\" data-editor=\"3vcc0\" data-offset-key=\"8ivh2-0-0\">\n<div class=\"_1mf _1mj\" data-offset-key=\"8ivh2-0-0\" data-auto-logging-id=\"f3482ca00f6d2ec\"><span data-offset-key=\"8ivh2-0-0\">Un espect\u00e1culo cargado de sorpresas, misterio, emoci\u00f3n y humor que nos ense\u00f1a que la magia es para todos.<\/span><\/div>\n<\/div>\n<div data-offset-key=\"8ivh2-0-0\" data-auto-logging-id=\"f3482ca00f6d2ec\"><img fetchpriority=\"high\" decoding=\"async\" class=\"aligncenter size-large wp-image-20291\" src=\"https:\/\/mediocudeyo.es\/web\/wp-content\/uploads\/2023\/05\/FusionARTE.-CARTEL-21-mayo-724x1024.jpg\" alt=\"\" width=\"724\" height=\"1024\" srcset=\"https:\/\/mediocudeyo.es\/web\/wp-content\/uploads\/2023\/05\/FusionARTE.-CARTEL-21-mayo-724x1024.jpg 724w, https:\/\/mediocudeyo.es\/web\/wp-content\/uploads\/2023\/05\/FusionARTE.-CARTEL-21-mayo-212x300.jpg 212w, https:\/\/mediocudeyo.es\/web\/wp-content\/uploads\/2023\/05\/FusionARTE.-CARTEL-21-mayo-768x1086.jpg 768w, https:\/\/mediocudeyo.es\/web\/wp-content\/uploads\/2023\/05\/FusionARTE.-CARTEL-21-mayo-1086x1536.jpg 1086w, https:\/\/mediocudeyo.es\/web\/wp-content\/uploads\/2023\/05\/FusionARTE.-CARTEL-21-mayo-1448x2048.jpg 1448w, https:\/\/mediocudeyo.es\/web\/wp-content\/uploads\/2023\/05\/FusionARTE.-CARTEL-21-mayo.jpg 1587w\" sizes=\"(max-width: 724px) 100vw, 724px\" \/><\/div>\n<div class=\"_1mf _1mj\" data-offset-key=\"904ut-0-0\"><span data-offset-key=\"904ut-0-0\">\u00a0<\/span><\/div>\n<div class=\"\" data-block=\"true\" data-editor=\"3vcc0\" data-offset-key=\"232bq-0-0\">\n<div class=\"_1mf _1mj\" data-offset-key=\"232bq-0-0\" data-auto-logging-id=\"f3e570f133985fc\"><span data-offset-key=\"232bq-0-0\">\u00a1Vuelve a encontrar tu capacidad de sorpresa con efectos que te emocionar\u00e1n!<\/span><\/div>\n<\/div>\n<div class=\"\" data-block=\"true\" data-editor=\"3vcc0\" data-offset-key=\"v1sd-0-0\">\n<div class=\"_1mf _1mj\" data-offset-key=\"v1sd-0-0\"><span data-offset-key=\"v1sd-0-0\">\u00a0<\/span><\/div>\n<\/div>\n<div class=\"\" data-block=\"true\" data-editor=\"3vcc0\" data-offset-key=\"8av62-0-0\">\n<div class=\"_1mf _1mj\" data-offset-key=\"8av62-0-0\"><span data-offset-key=\"8av62-0-0\"><strong>\ud83d\udcb5Precio<\/strong>: 1\u20ac<\/span><\/div>\n<\/div>\n<div class=\"\" data-block=\"true\" data-editor=\"3vcc0\" data-offset-key=\"evdc8-0-0\">\n<div class=\"_1mf _1mj\" data-offset-key=\"evdc8-0-0\"><span data-offset-key=\"evdc8-0-0\">\u2139\ufe0f <em><strong>Venta y reserva de entradas en:<\/strong><\/em><\/span><\/div>\n<\/div>\n<div class=\"\" data-block=\"true\" data-editor=\"3vcc0\" data-offset-key=\"epkor-0-0\">\n<div class=\"_1mf _1mj\" data-offset-key=\"epkor-0-0\"><span data-offset-key=\"epkor-0-0\">\ud83d\udc92 Centro Cultural Ram\u00f3n Pelayo<\/span><\/div>\n<\/div>\n<div class=\"\" data-block=\"true\" data-editor=\"3vcc0\" data-offset-key=\"bvkl5-0-0\">\n<div class=\"_1mf _1mj\" data-offset-key=\"bvkl5-0-0\"><span data-offset-key=\"bvkl5-0-0\">\u260e 942 52 26 85 (Tambi\u00e9n por WhatsApp al mismo n\u00famero)<\/span><\/div>\n<\/div>\n<div class=\"\" data-block=\"true\" data-editor=\"3vcc0\" data-offset-key=\"26f6s-0-0\">\n<div class=\"_1mf _1mj\" data-offset-key=\"26f6s-0-0\" data-auto-logging-id=\"f2f044fd3d7cb7a\"><span data-offset-key=\"26f6s-0-0\">\ud83d\udce7 centrocultural@mediocudeyo.es<\/span><\/div>\n<\/div>\n<div class=\"\" data-block=\"true\" data-editor=\"3vcc0\" data-offset-key=\"962gd-0-0\">\n<div class=\"_1mf _1mj\" data-offset-key=\"962gd-0-0\"><span data-offset-key=\"962gd-0-0\">\u00a0<\/span><\/div>\n<\/div>\n<\/div>\n","protected":false},"excerpt":{"rendered":"<p>Un nuevo espect\u00e1culo familiar te espera el pr\u00f3ximo domingo 21 de mayo en FusionARTE: \u00abEL TRAFICANTE DE ILUSIONES\u00bb, ilusionismo de la mano de C\u00e9sar Bueno \u00a0 Un espect\u00e1culo cargado de [&hellip;]<\/p>\n","protected":false},"author":4,"featured_media":20291,"comment_status":"closed","ping_status":"closed","sticky":false,"template":"","format":"standard","meta":{"footnotes":""},"categories":[37],"tags":[104,82,91],"class_list":["post-20290","post","type-post","status-publish","format-standard","has-post-thumbnail","hentry","category-centro-cultural","tag-centro-cultural","tag-fusionarte","tag-magia"],"_links":{"self":[{"href":"https:\/\/mediocudeyo.es\/web\/wp-json\/wp\/v2\/posts\/20290"}],"collection":[{"href":"https:\/\/mediocudeyo.es\/web\/wp-json\/wp\/v2\/posts"}],"about":[{"href":"https:\/\/mediocudeyo.es\/web\/wp-json\/wp\/v2\/types\/post"}],"author":[{"embeddable":true,"href":"https:\/\/mediocudeyo.es\/web\/wp-json\/wp\/v2\/users\/4"}],"replies":[{"embeddable":true,"href":"https:\/\/mediocudeyo.es\/web\/wp-json\/wp\/v2\/comments?post=20290"}],"version-history":[{"count":1,"href":"https:\/\/mediocudeyo.es\/web\/wp-json\/wp\/v2\/posts\/20290\/revisions"}],"predecessor-version":[{"id":20292,"href":"https:\/\/mediocudeyo.es\/web\/wp-json\/wp\/v2\/posts\/20290\/revisions\/20292"}],"wp:featuredmedia":[{"embeddable":true,"href":"https:\/\/mediocudeyo.es\/web\/wp-json\/wp\/v2\/media\/20291"}],"wp:attachment":[{"href":"https:\/\/mediocudeyo.es\/web\/wp-json\/wp\/v2\/media?parent=20290"}],"wp:term":[{"taxonomy":"category","embeddable":true,"href":"https:\/\/mediocudeyo.es\/web\/wp-json\/wp\/v2\/categories?post=20290"},{"taxonomy":"post_tag","embeddable":true,"href":"https:\/\/mediocudeyo.es\/web\/wp-json\/wp\/v2\/tags?post=20290"}],"curies":[{"name":"wp","href":"https:\/\/api.w.org\/{rel}","templated":true}]}}