{"id":20351,"date":"2023-05-31T13:25:14","date_gmt":"2023-05-31T13:25:14","guid":{"rendered":"https:\/\/mediocudeyo.es\/web\/?p=20351"},"modified":"2023-05-31T13:25:14","modified_gmt":"2023-05-31T13:25:14","slug":"filmoteca-la-vida-secreta-de-los-arboles","status":"publish","type":"post","link":"https:\/\/mediocudeyo.es\/web\/filmoteca-la-vida-secreta-de-los-arboles\/","title":{"rendered":"Filmoteca: La vida secreta de los \u00e1rboles"},"content":{"rendered":"<div data-contents=\"true\">\n<div class=\"\" data-block=\"true\" data-editor=\"7bt2e\" data-offset-key=\"9k4n3-0-0\">\n<div class=\"_1mf _1mj\" data-offset-key=\"9k4n3-0-0\" data-auto-logging-id=\"f335b3103e9c2ae\"><span data-offset-key=\"9k4n3-0-0\">Cine de la Filmoteca Regional en el Centro Cultural: \u00abLa vida secreta de los \u00e1rboles\u00bb (Alemania).<\/span><\/div>\n<\/div>\n<div class=\"\" data-block=\"true\" data-editor=\"7bt2e\" data-offset-key=\"dg3jv-0-0\">\n<div class=\"_1mf _1mj\" data-offset-key=\"dg3jv-0-0\"><span data-offset-key=\"dg3jv-0-0\">\u00a0<\/span><\/div>\n<\/div>\n<div class=\"\" data-block=\"true\" data-editor=\"7bt2e\" data-offset-key=\"er0qn-0-0\">\n<div class=\"_1mf _1mj\" data-offset-key=\"er0qn-0-0\" data-auto-logging-id=\"f26c1445f3ce97\"><span data-offset-key=\"er0qn-0-0\">\u23fa <strong>Sinopsis<\/strong>: Cuando Peter Wohlleben public\u00f3 su libro \u00abLa vida oculta de los \u00e1rboles\u00bb en 2015, r\u00e1pidamente entr\u00f3 en las listas de bestsellers. El guarda forestal escribi\u00f3 v\u00edvidamente sobre su experiencia acerca de c\u00f3mo los \u00e1rboles pueden comunicarse entre s\u00ed, tesis que se explora en el documental.<\/span><\/div>\n<\/div>\n<div data-offset-key=\"er0qn-0-0\" data-auto-logging-id=\"f26c1445f3ce97\"><img fetchpriority=\"high\" decoding=\"async\" class=\"aligncenter size-large wp-image-20352\" src=\"https:\/\/mediocudeyo.es\/web\/wp-content\/uploads\/2023\/05\/Filmoteca-4-junio-724x1024.png\" alt=\"\" width=\"724\" height=\"1024\" srcset=\"https:\/\/mediocudeyo.es\/web\/wp-content\/uploads\/2023\/05\/Filmoteca-4-junio-724x1024.png 724w, https:\/\/mediocudeyo.es\/web\/wp-content\/uploads\/2023\/05\/Filmoteca-4-junio-212x300.png 212w, https:\/\/mediocudeyo.es\/web\/wp-content\/uploads\/2023\/05\/Filmoteca-4-junio-768x1086.png 768w, https:\/\/mediocudeyo.es\/web\/wp-content\/uploads\/2023\/05\/Filmoteca-4-junio-1086x1536.png 1086w, https:\/\/mediocudeyo.es\/web\/wp-content\/uploads\/2023\/05\/Filmoteca-4-junio.png 1414w\" sizes=\"(max-width: 724px) 100vw, 724px\" \/><\/div>\n<div class=\"\" data-block=\"true\" data-editor=\"7bt2e\" data-offset-key=\"7h4b-0-0\">\n<div class=\"_1mf _1mj\" data-offset-key=\"7h4b-0-0\"><span data-offset-key=\"7h4b-0-0\">\u00a0<\/span><\/div>\n<\/div>\n<div class=\"\" data-block=\"true\" data-editor=\"7bt2e\" data-offset-key=\"dcpp-0-0\">\n<div class=\"_1mf _1mj\" data-offset-key=\"dcpp-0-0\" data-auto-logging-id=\"f153a3e17c747d\"><span data-offset-key=\"dcpp-0-0\">\u23fa <strong>Trailer<\/strong>:<br \/>\n<\/span><\/div>\n<\/div>\n<\/div>\n<div data-offset-key=\"dcpp-0-0\" data-auto-logging-id=\"f153a3e17c747d\">\n<p><iframe title=\"LA VIDA SECRETA DE LOS \u00c1RBOLES - TRAILER ESPA\u00d1OL - Estreno 12 de noviembre\" width=\"500\" height=\"281\" src=\"https:\/\/www.youtube.com\/embed\/9vwY10k91RY?feature=oembed\" frameborder=\"0\" allow=\"accelerometer; autoplay; clipboard-write; encrypted-media; gyroscope; picture-in-picture; web-share\" referrerpolicy=\"strict-origin-when-cross-origin\" allowfullscreen><\/iframe><\/p>\n<\/div>\n<div data-offset-key=\"dcpp-0-0\" data-auto-logging-id=\"f153a3e17c747d\"><\/div>\n<div data-contents=\"true\">\n<div class=\"\" data-block=\"true\" data-editor=\"7bt2e\" data-offset-key=\"7aifl-0-0\">\n<div class=\"_1mf _1mj\" data-offset-key=\"7aifl-0-0\"><span data-offset-key=\"7aifl-0-0\">\ud83d\udcc5Domingo 4 de junio. 19:30 horas.<\/span><\/div>\n<\/div>\n<div class=\"\" data-block=\"true\" data-editor=\"7bt2e\" data-offset-key=\"dm6gp-0-0\">\n<div class=\"_1mf _1mj\" data-offset-key=\"dm6gp-0-0\" data-auto-logging-id=\"f2788b1e84b5418\"><span data-offset-key=\"dm6gp-0-0\">\u2139\ufe0f Precio \u00fanico: 1,50\u20ac. No es necesaria reserva previa<\/span><\/div>\n<\/div>\n<div class=\"\" data-block=\"true\" data-editor=\"7bt2e\" data-offset-key=\"1niq9-0-0\">\n<div class=\"_1mf _1mj\" data-offset-key=\"1niq9-0-0\"><span data-offset-key=\"1niq9-0-0\">\u00a0<\/span><\/div>\n<\/div>\n<div class=\"\" data-block=\"true\" data-editor=\"7bt2e\" data-offset-key=\"17oeg-0-0\">\n<div class=\"_1mf _1mj\" data-offset-key=\"17oeg-0-0\"><\/div>\n<\/div>\n<\/div>\n","protected":false},"excerpt":{"rendered":"<p>Cine de la Filmoteca Regional en el Centro Cultural: \u00abLa vida secreta de los \u00e1rboles\u00bb (Alemania). \u00a0 \u23fa Sinopsis: Cuando Peter Wohlleben public\u00f3 su libro \u00abLa vida oculta de los [&hellip;]<\/p>\n","protected":false},"author":4,"featured_media":20352,"comment_status":"closed","ping_status":"closed","sticky":false,"template":"","format":"standard","meta":{"footnotes":""},"categories":[37],"tags":[104,116,117],"class_list":["post-20351","post","type-post","status-publish","format-standard","has-post-thumbnail","hentry","category-centro-cultural","tag-centro-cultural","tag-cine","tag-filmoteca"],"_links":{"self":[{"href":"https:\/\/mediocudeyo.es\/web\/wp-json\/wp\/v2\/posts\/20351"}],"collection":[{"href":"https:\/\/mediocudeyo.es\/web\/wp-json\/wp\/v2\/posts"}],"about":[{"href":"https:\/\/mediocudeyo.es\/web\/wp-json\/wp\/v2\/types\/post"}],"author":[{"embeddable":true,"href":"https:\/\/mediocudeyo.es\/web\/wp-json\/wp\/v2\/users\/4"}],"replies":[{"embeddable":true,"href":"https:\/\/mediocudeyo.es\/web\/wp-json\/wp\/v2\/comments?post=20351"}],"version-history":[{"count":1,"href":"https:\/\/mediocudeyo.es\/web\/wp-json\/wp\/v2\/posts\/20351\/revisions"}],"predecessor-version":[{"id":20353,"href":"https:\/\/mediocudeyo.es\/web\/wp-json\/wp\/v2\/posts\/20351\/revisions\/20353"}],"wp:featuredmedia":[{"embeddable":true,"href":"https:\/\/mediocudeyo.es\/web\/wp-json\/wp\/v2\/media\/20352"}],"wp:attachment":[{"href":"https:\/\/mediocudeyo.es\/web\/wp-json\/wp\/v2\/media?parent=20351"}],"wp:term":[{"taxonomy":"category","embeddable":true,"href":"https:\/\/mediocudeyo.es\/web\/wp-json\/wp\/v2\/categories?post=20351"},{"taxonomy":"post_tag","embeddable":true,"href":"https:\/\/mediocudeyo.es\/web\/wp-json\/wp\/v2\/tags?post=20351"}],"curies":[{"name":"wp","href":"https:\/\/api.w.org\/{rel}","templated":true}]}}