{"id":20544,"date":"2023-06-09T12:19:18","date_gmt":"2023-06-09T12:19:18","guid":{"rendered":"https:\/\/mediocudeyo.es\/web\/?p=20544"},"modified":"2023-06-09T12:19:18","modified_gmt":"2023-06-09T12:19:18","slug":"fusionarte-nos-trae-la-plaza-es-un-circo","status":"publish","type":"post","link":"https:\/\/mediocudeyo.es\/web\/fusionarte-nos-trae-la-plaza-es-un-circo\/","title":{"rendered":"FusionARTE nos trae&#8230; \u00abLa plaza es un circo\u00bb"},"content":{"rendered":"<div class=\"xdj266r x11i5rnm xat24cr x1mh8g0r x1vvkbs\">El pr\u00f3ximo <strong>domingo 18 de junio<\/strong> la compa\u00f1\u00eda Malabaracirco nos acerca su espect\u00e1culo \u00abLa Plaza es un circo\u00bb al <strong>Parque Monse\u00f1or de Cos<\/strong>.<\/p>\n<\/div>\n<div class=\"x11i5rnm xat24cr x1mh8g0r x1vvkbs xtlvy1s\">Ven a descubrir el fascinante y divertido mundo del nuevo circo sin importar tu edad. Mediante cuatro talleres diferentes, los participantes experimentar\u00e1n y aprender\u00e1n coordinaci\u00f3n, equilibrio y sentido del ritmo fomentando la creatividad, transitando de un taller a otro seg\u00fan sus propias apetencias.<\/div>\n<div class=\"x11i5rnm xat24cr x1mh8g0r x1vvkbs xtlvy1s\"><em><strong>Actividad gratuita hasta completar aforo.<\/strong><\/em><\/div>\n<div><\/div>\n<div><\/div>\n<div><img fetchpriority=\"high\" decoding=\"async\" class=\"aligncenter size-large wp-image-20545\" src=\"https:\/\/mediocudeyo.es\/web\/wp-content\/uploads\/2023\/06\/FusionARTE.-CARTEL-18-junio-724x1024.jpg\" alt=\"\" width=\"724\" height=\"1024\" srcset=\"https:\/\/mediocudeyo.es\/web\/wp-content\/uploads\/2023\/06\/FusionARTE.-CARTEL-18-junio-724x1024.jpg 724w, https:\/\/mediocudeyo.es\/web\/wp-content\/uploads\/2023\/06\/FusionARTE.-CARTEL-18-junio-212x300.jpg 212w, https:\/\/mediocudeyo.es\/web\/wp-content\/uploads\/2023\/06\/FusionARTE.-CARTEL-18-junio-768x1086.jpg 768w, https:\/\/mediocudeyo.es\/web\/wp-content\/uploads\/2023\/06\/FusionARTE.-CARTEL-18-junio-1086x1536.jpg 1086w, https:\/\/mediocudeyo.es\/web\/wp-content\/uploads\/2023\/06\/FusionARTE.-CARTEL-18-junio-1448x2048.jpg 1448w, https:\/\/mediocudeyo.es\/web\/wp-content\/uploads\/2023\/06\/FusionARTE.-CARTEL-18-junio.jpg 1587w\" sizes=\"(max-width: 724px) 100vw, 724px\" \/><\/div>\n<div dir=\"auto\"><\/div>\n<div>\n<div class=\"x11i5rnm xat24cr x1mh8g0r x1vvkbs xtlvy1s x126k92a\">\n<div dir=\"auto\"><span class=\"x3nfvp2 x1j61x8r x1fcty0u xdj266r xhhsvwb xat24cr xgzva0m xxymvpz xlup9mm x1kky2od\"><img decoding=\"async\" src=\"https:\/\/static.xx.fbcdn.net\/images\/emoji.php\/v9\/t8e\/1\/16\/2139.png\" alt=\"\u2139\ufe0f\" width=\"16\" height=\"16\" \/><\/span>M\u00e1s informaci\u00f3n:<\/div>\n<div dir=\"auto\"><span class=\"x3nfvp2 x1j61x8r x1fcty0u xdj266r xhhsvwb xat24cr xgzva0m xxymvpz xlup9mm x1kky2od\"><img decoding=\"async\" src=\"https:\/\/static.xx.fbcdn.net\/images\/emoji.php\/v9\/te5\/1\/16\/1f492.png\" alt=\"\ud83d\udc92\" width=\"16\" height=\"16\" \/><\/span> Centro Cultural Ram\u00f3n Pelayo<\/div>\n<div dir=\"auto\"><span class=\"x3nfvp2 x1j61x8r x1fcty0u xdj266r xhhsvwb xat24cr xgzva0m xxymvpz xlup9mm x1kky2od\"><img loading=\"lazy\" decoding=\"async\" src=\"https:\/\/static.xx.fbcdn.net\/images\/emoji.php\/v9\/t22\/1\/16\/260e.png\" alt=\"\u260e\" width=\"16\" height=\"16\" \/><\/span> 942 52 26 85 (Tambi\u00e9n por WhatsApp al mismo n\u00famero)<\/div>\n<div dir=\"auto\"><span class=\"x3nfvp2 x1j61x8r x1fcty0u xdj266r xhhsvwb xat24cr xgzva0m xxymvpz xlup9mm x1kky2od\"><img loading=\"lazy\" decoding=\"async\" src=\"https:\/\/static.xx.fbcdn.net\/images\/emoji.php\/v9\/tbe\/1\/16\/1f4e7.png\" alt=\"\ud83d\udce7\" width=\"16\" height=\"16\" \/><\/span> centrocultural@mediocudeyo.es<\/div>\n<\/div>\n<\/div>\n","protected":false},"excerpt":{"rendered":"<p>El pr\u00f3ximo domingo 18 de junio la compa\u00f1\u00eda Malabaracirco nos acerca su espect\u00e1culo \u00abLa Plaza es un circo\u00bb al Parque Monse\u00f1or de Cos. Ven a descubrir el fascinante y divertido [&hellip;]<\/p>\n","protected":false},"author":4,"featured_media":20545,"comment_status":"closed","ping_status":"closed","sticky":false,"template":"","format":"standard","meta":{"footnotes":""},"categories":[37],"tags":[104,426,82],"class_list":["post-20544","post","type-post","status-publish","format-standard","has-post-thumbnail","hentry","category-centro-cultural","tag-centro-cultural","tag-circo","tag-fusionarte"],"_links":{"self":[{"href":"https:\/\/mediocudeyo.es\/web\/wp-json\/wp\/v2\/posts\/20544"}],"collection":[{"href":"https:\/\/mediocudeyo.es\/web\/wp-json\/wp\/v2\/posts"}],"about":[{"href":"https:\/\/mediocudeyo.es\/web\/wp-json\/wp\/v2\/types\/post"}],"author":[{"embeddable":true,"href":"https:\/\/mediocudeyo.es\/web\/wp-json\/wp\/v2\/users\/4"}],"replies":[{"embeddable":true,"href":"https:\/\/mediocudeyo.es\/web\/wp-json\/wp\/v2\/comments?post=20544"}],"version-history":[{"count":2,"href":"https:\/\/mediocudeyo.es\/web\/wp-json\/wp\/v2\/posts\/20544\/revisions"}],"predecessor-version":[{"id":20547,"href":"https:\/\/mediocudeyo.es\/web\/wp-json\/wp\/v2\/posts\/20544\/revisions\/20547"}],"wp:featuredmedia":[{"embeddable":true,"href":"https:\/\/mediocudeyo.es\/web\/wp-json\/wp\/v2\/media\/20545"}],"wp:attachment":[{"href":"https:\/\/mediocudeyo.es\/web\/wp-json\/wp\/v2\/media?parent=20544"}],"wp:term":[{"taxonomy":"category","embeddable":true,"href":"https:\/\/mediocudeyo.es\/web\/wp-json\/wp\/v2\/categories?post=20544"},{"taxonomy":"post_tag","embeddable":true,"href":"https:\/\/mediocudeyo.es\/web\/wp-json\/wp\/v2\/tags?post=20544"}],"curies":[{"name":"wp","href":"https:\/\/api.w.org\/{rel}","templated":true}]}}