{"id":20648,"date":"2023-06-23T12:33:12","date_gmt":"2023-06-23T12:33:12","guid":{"rendered":"https:\/\/mediocudeyo.es\/web\/?p=20648"},"modified":"2023-06-23T12:33:12","modified_gmt":"2023-06-23T12:33:12","slug":"fusionarte-viaje-a-venus","status":"publish","type":"post","link":"https:\/\/mediocudeyo.es\/web\/fusionarte-viaje-a-venus\/","title":{"rendered":"FusionARTE: Viaje a Venus"},"content":{"rendered":"<div class=\"xdj266r x11i5rnm xat24cr x1mh8g0r x1vvkbs x126k92a\">\n<div dir=\"auto\">TFant\u00e1stico plan para este viernes 23 de junio, para dar la bienvenida al verano, en la noche m\u00e1gica de San juan, en el incomparable marco de la <a class=\"x1i10hfl xjbqb8w x6umtig x1b1mbwd xaqea5y xav7gou x9f619 x1ypdohk xt0psk2 xe8uvvx xdj266r x11i5rnm xat24cr x1mh8g0r xexx8yu x4uap5 x18d9i69 xkhd6sd x16tdsg8 x1hl2dhg xggy1nq x1a2a7pz xt0b8zv x1qq9wsj xo1l8bm\" role=\"link\" href=\"https:\/\/www.facebook.com\/fincamuseomarquesdevaldecilla?__cft__[0]=AZUd6k-h-7kgXIJqVgX906rXGLiLlhafyviglnNMMjL785uodQz4PALgatGm0Rg51-FHiN5RrtblyU8-nX-e2-6NtvgMcnddnyXElSbdPwj2_aaz3MMAcQQyw56vICEHejefpjQamFaIP6Yxv-BUpUI1qwE1JnxIttsqA8mmSaG6vTjLJ0i-I1BCzPIX7GNCv28&amp;__tn__=-]K-R\"><span class=\"xt0psk2\">Finca Museo Marqu\u00e9s de Valdecilla<\/span><\/a> y con la m\u00fasica de un grupo que llega a todas las generaciones.<\/div>\n<div dir=\"auto\"><\/div>\n<\/div>\n<div class=\"x11i5rnm xat24cr x1mh8g0r x1vvkbs xtlvy1s x126k92a\">\n<div dir=\"auto\">El espect\u00e1culo VIAJE A VENUS llega a FusionARTE para cerrar esta edici\u00f3n, de la mano de cuatro grandes m\u00fasicos de la escena c\u00e1ntabra que presentan este homenaje a una de las bandas m\u00e1s representativas de los a\u00f1os 80 y con mayor \u00e9xito de nuestro pa\u00eds: MECANO.<\/div>\n<div dir=\"auto\"><\/div>\n<\/div>\n<div class=\"x11i5rnm xat24cr x1mh8g0r x1vvkbs xtlvy1s x126k92a\">\n<div dir=\"auto\">Concierto de bienvenida al verano gratuito hasta completar aforo.<\/div>\n<div dir=\"auto\">(*) En caso de lluvia, los espect\u00e1culos en exterior ser\u00e1n trasladados al teatro del Centro Cultural.<\/div>\n<\/div>\n<div dir=\"auto\"><\/div>\n<div dir=\"auto\"><\/div>\n<div dir=\"auto\"><img fetchpriority=\"high\" decoding=\"async\" class=\"aligncenter size-large wp-image-20649\" src=\"https:\/\/mediocudeyo.es\/web\/wp-content\/uploads\/2023\/06\/FusionARTE.-23-junio-724x1024.jpg\" alt=\"\" width=\"724\" height=\"1024\" srcset=\"https:\/\/mediocudeyo.es\/web\/wp-content\/uploads\/2023\/06\/FusionARTE.-23-junio-724x1024.jpg 724w, https:\/\/mediocudeyo.es\/web\/wp-content\/uploads\/2023\/06\/FusionARTE.-23-junio-212x300.jpg 212w, https:\/\/mediocudeyo.es\/web\/wp-content\/uploads\/2023\/06\/FusionARTE.-23-junio-768x1086.jpg 768w, https:\/\/mediocudeyo.es\/web\/wp-content\/uploads\/2023\/06\/FusionARTE.-23-junio-1086x1536.jpg 1086w, https:\/\/mediocudeyo.es\/web\/wp-content\/uploads\/2023\/06\/FusionARTE.-23-junio-1448x2048.jpg 1448w, https:\/\/mediocudeyo.es\/web\/wp-content\/uploads\/2023\/06\/FusionARTE.-23-junio.jpg 1587w\" sizes=\"(max-width: 724px) 100vw, 724px\" \/><\/div>\n<div dir=\"auto\"><\/div>\n<div class=\"x11i5rnm xat24cr x1mh8g0r x1vvkbs xtlvy1s x126k92a\">\n<div dir=\"auto\"><span class=\"x3nfvp2 x1j61x8r x1fcty0u xdj266r xhhsvwb xat24cr xgzva0m xxymvpz xlup9mm x1kky2od\"><img decoding=\"async\" src=\"https:\/\/static.xx.fbcdn.net\/images\/emoji.php\/v9\/t8e\/1\/16\/2139.png\" alt=\"\u2139\ufe0f\" width=\"16\" height=\"16\" \/><\/span>M\u00e1s informaci\u00f3n:<\/div>\n<div dir=\"auto\"><span class=\"x3nfvp2 x1j61x8r x1fcty0u xdj266r xhhsvwb xat24cr xgzva0m xxymvpz xlup9mm x1kky2od\"><img decoding=\"async\" src=\"https:\/\/static.xx.fbcdn.net\/images\/emoji.php\/v9\/te5\/1\/16\/1f492.png\" alt=\"\ud83d\udc92\" width=\"16\" height=\"16\" \/><\/span> Centro Cultural Ram\u00f3n Pelayo<\/div>\n<div dir=\"auto\"><span class=\"x3nfvp2 x1j61x8r x1fcty0u xdj266r xhhsvwb xat24cr xgzva0m xxymvpz xlup9mm x1kky2od\"><img loading=\"lazy\" decoding=\"async\" src=\"https:\/\/static.xx.fbcdn.net\/images\/emoji.php\/v9\/t22\/1\/16\/260e.png\" alt=\"\u260e\" width=\"16\" height=\"16\" \/><\/span> 942 52 26 85 (Tambi\u00e9n por WhatsApp al mismo n\u00famero)<\/div>\n<div dir=\"auto\"><span class=\"x3nfvp2 x1j61x8r x1fcty0u xdj266r xhhsvwb xat24cr xgzva0m xxymvpz xlup9mm x1kky2od\"><img loading=\"lazy\" decoding=\"async\" src=\"https:\/\/static.xx.fbcdn.net\/images\/emoji.php\/v9\/tbe\/1\/16\/1f4e7.png\" alt=\"\ud83d\udce7\" width=\"16\" height=\"16\" \/><\/span> centrocultural@mediocudeyo.es<\/div>\n<\/div>\n","protected":false},"excerpt":{"rendered":"<p>TFant\u00e1stico plan para este viernes 23 de junio, para dar la bienvenida al verano, en la noche m\u00e1gica de San juan, en el incomparable marco de la Finca Museo Marqu\u00e9s [&hellip;]<\/p>\n","protected":false},"author":4,"featured_media":20649,"comment_status":"closed","ping_status":"closed","sticky":false,"template":"","format":"standard","meta":{"footnotes":""},"categories":[37],"tags":[104,490,82,160],"class_list":["post-20648","post","type-post","status-publish","format-standard","has-post-thumbnail","hentry","category-centro-cultural","tag-centro-cultural","tag-conciertos","tag-fusionarte","tag-musica"],"_links":{"self":[{"href":"https:\/\/mediocudeyo.es\/web\/wp-json\/wp\/v2\/posts\/20648"}],"collection":[{"href":"https:\/\/mediocudeyo.es\/web\/wp-json\/wp\/v2\/posts"}],"about":[{"href":"https:\/\/mediocudeyo.es\/web\/wp-json\/wp\/v2\/types\/post"}],"author":[{"embeddable":true,"href":"https:\/\/mediocudeyo.es\/web\/wp-json\/wp\/v2\/users\/4"}],"replies":[{"embeddable":true,"href":"https:\/\/mediocudeyo.es\/web\/wp-json\/wp\/v2\/comments?post=20648"}],"version-history":[{"count":1,"href":"https:\/\/mediocudeyo.es\/web\/wp-json\/wp\/v2\/posts\/20648\/revisions"}],"predecessor-version":[{"id":20650,"href":"https:\/\/mediocudeyo.es\/web\/wp-json\/wp\/v2\/posts\/20648\/revisions\/20650"}],"wp:featuredmedia":[{"embeddable":true,"href":"https:\/\/mediocudeyo.es\/web\/wp-json\/wp\/v2\/media\/20649"}],"wp:attachment":[{"href":"https:\/\/mediocudeyo.es\/web\/wp-json\/wp\/v2\/media?parent=20648"}],"wp:term":[{"taxonomy":"category","embeddable":true,"href":"https:\/\/mediocudeyo.es\/web\/wp-json\/wp\/v2\/categories?post=20648"},{"taxonomy":"post_tag","embeddable":true,"href":"https:\/\/mediocudeyo.es\/web\/wp-json\/wp\/v2\/tags?post=20648"}],"curies":[{"name":"wp","href":"https:\/\/api.w.org\/{rel}","templated":true}]}}