{"id":20651,"date":"2023-06-23T12:43:05","date_gmt":"2023-06-23T12:43:05","guid":{"rendered":"https:\/\/mediocudeyo.es\/web\/?p=20651"},"modified":"2023-06-23T12:55:19","modified_gmt":"2023-06-23T12:55:19","slug":"inscripciones-escuelas-culturales-2023-2024","status":"publish","type":"post","link":"https:\/\/mediocudeyo.es\/web\/inscripciones-escuelas-culturales-2023-2024\/","title":{"rendered":"Inscripciones Escuelas Culturales 2023\/2024"},"content":{"rendered":"<p>Ya est\u00e1 abierto el plazo de inscripci\u00f3n para antiguo alumnado para el pr\u00f3ximo curso de las Escuelas Culturales. Os recordamos los <strong>plazos<\/strong>:<\/p>\n<div class=\"x11i5rnm xat24cr x1mh8g0r x1vvkbs xtlvy1s x126k92a\">\n<div dir=\"auto\"><em><span class=\"x3nfvp2 x1j61x8r x1fcty0u xdj266r xhhsvwb xat24cr xgzva0m xxymvpz xlup9mm x1kky2od\"><img decoding=\"async\" src=\"https:\/\/static.xx.fbcdn.net\/images\/emoji.php\/v9\/tff\/1\/16\/1f4c6.png\" alt=\"\ud83d\udcc6\" width=\"16\" height=\"16\" \/><\/span> Del 19 al 30 de junio solicitud de plaza para <strong>antiguo alumnado<\/strong>.<\/em><\/div>\n<div dir=\"auto\"><em><span class=\"x3nfvp2 x1j61x8r x1fcty0u xdj266r xhhsvwb xat24cr xgzva0m xxymvpz xlup9mm x1kky2od\"><img decoding=\"async\" src=\"https:\/\/static.xx.fbcdn.net\/images\/emoji.php\/v9\/tff\/1\/16\/1f4c6.png\" alt=\"\ud83d\udcc6\" width=\"16\" height=\"16\" \/><\/span> Del 1 al 14 de julio solicitud de plaza para <strong>nuevo alumnado<\/strong>.<\/em><\/div>\n<div dir=\"auto\"><em><span class=\"x3nfvp2 x1j61x8r x1fcty0u xdj266r xhhsvwb xat24cr xgzva0m xxymvpz xlup9mm x1kky2od\"><img decoding=\"async\" src=\"https:\/\/static.xx.fbcdn.net\/images\/emoji.php\/v9\/tff\/1\/16\/1f4c6.png\" alt=\"\ud83d\udcc6\" width=\"16\" height=\"16\" \/><\/span> <strong>Periodo extraordinario<\/strong>: del 1 al 14 de septiembre.<\/em><\/div>\n<\/div>\n<div class=\"x11i5rnm xat24cr x1mh8g0r x1vvkbs xtlvy1s x126k92a\">\n<div dir=\"auto\"><\/div>\n<div dir=\"auto\">Los<strong> talleres disponibles<\/strong> ser\u00e1n: <em>Fotograf\u00eda, rob\u00f3tica, ajedrez, arte y movimiento, teatro (infantil, j\u00f3venes y adultos)<\/em> y adem\u00e1s este a\u00f1o contaremos con un nuevo taller para alumn@s de primaria:<em> \u00abPintura creativa\u00bb<\/em> que se desarrollar\u00e1 en el aula cultural de Heras <span class=\"x3nfvp2 x1j61x8r x1fcty0u xdj266r xhhsvwb xat24cr xgzva0m xxymvpz xlup9mm x1kky2od\"><img decoding=\"async\" src=\"https:\/\/static.xx.fbcdn.net\/images\/emoji.php\/v9\/t82\/1\/16\/1f3a8.png\" alt=\"\ud83c\udfa8\" width=\"16\" height=\"16\" \/><\/span><\/div>\n<\/div>\n<div dir=\"auto\"><\/div>\n<div dir=\"auto\">Toda la informaci\u00f3n sobre los talleres (horarios, precios, edades, plazos&#8230;) puedes consultarla en el <strong>folleto informativo<\/strong>: <a href=\"https:\/\/mediocudeyo.es\/web\/wp-content\/uploads\/2023\/06\/EE.CC-FOLLETO.doc\">EE.CC FOLLETO<\/a><\/div>\n<div dir=\"auto\"><\/div>\n<div dir=\"auto\">Tambi\u00e9n puedes descargar la <strong>solicitud<\/strong> desde este enlace: <a href=\"https:\/\/mediocudeyo.es\/web\/wp-content\/uploads\/2023\/06\/Impreso-solicitud-E.E.C.C.-Medio-cudeyo-2023-2024.pdf\">Impreso solicitud E.E.C.C. Medio cudeyo 2023-2024<\/a><\/div>\n<div dir=\"auto\"><\/div>\n<div dir=\"auto\">\n<div class=\"x11i5rnm xat24cr x1mh8g0r x1vvkbs xtlvy1s x126k92a\">\n<div dir=\"auto\"><span class=\"x3nfvp2 x1j61x8r x1fcty0u xdj266r xhhsvwb xat24cr xgzva0m xxymvpz xlup9mm x1kky2od\"><img decoding=\"async\" src=\"https:\/\/static.xx.fbcdn.net\/images\/emoji.php\/v9\/t8e\/1\/16\/2139.png\" alt=\"\u2139\ufe0f\" width=\"16\" height=\"16\" \/><\/span> M\u00e1s informaci\u00f3n y entrega de solicitudes:<\/div>\n<div dir=\"auto\"><span class=\"x3nfvp2 x1j61x8r x1fcty0u xdj266r xhhsvwb xat24cr xgzva0m xxymvpz xlup9mm x1kky2od\"><img loading=\"lazy\" decoding=\"async\" src=\"https:\/\/static.xx.fbcdn.net\/images\/emoji.php\/v9\/t3d\/1\/16\/1f54d.png\" alt=\"\ud83d\udd4d\" width=\"16\" height=\"16\" \/><\/span>Centro Cultural Ram\u00f3n Pelayo<\/div>\n<div dir=\"auto\"><span class=\"x3nfvp2 x1j61x8r x1fcty0u xdj266r xhhsvwb xat24cr xgzva0m xxymvpz xlup9mm x1kky2od\"><img loading=\"lazy\" decoding=\"async\" src=\"https:\/\/static.xx.fbcdn.net\/images\/emoji.php\/v9\/t22\/1\/16\/260e.png\" alt=\"\u260e\" width=\"16\" height=\"16\" \/><\/span> 942 52 26 85 (Tambi\u00e9n por WhatsApp al mismo n\u00famero)<\/div>\n<div dir=\"auto\"><span class=\"x3nfvp2 x1j61x8r x1fcty0u xdj266r xhhsvwb xat24cr xgzva0m xxymvpz xlup9mm x1kky2od\"><img loading=\"lazy\" decoding=\"async\" src=\"https:\/\/static.xx.fbcdn.net\/images\/emoji.php\/v9\/tbe\/1\/16\/1f4e7.png\" alt=\"\ud83d\udce7\" width=\"16\" height=\"16\" \/><\/span>Centrocultural@mediocudeyo.es<\/div>\n<\/div>\n<\/div>\n","protected":false},"excerpt":{"rendered":"<p>Ya est\u00e1 abierto el plazo de inscripci\u00f3n para antiguo alumnado para el pr\u00f3ximo curso de las Escuelas Culturales. Os recordamos los plazos: Del 19 al 30 de junio solicitud de [&hellip;]<\/p>\n","protected":false},"author":4,"featured_media":20655,"comment_status":"closed","ping_status":"closed","sticky":false,"template":"","format":"standard","meta":{"footnotes":""},"categories":[37],"tags":[104,92,66],"class_list":["post-20651","post","type-post","status-publish","format-standard","has-post-thumbnail","hentry","category-centro-cultural","tag-centro-cultural","tag-escuelas-culturales","tag-talleres"],"_links":{"self":[{"href":"https:\/\/mediocudeyo.es\/web\/wp-json\/wp\/v2\/posts\/20651"}],"collection":[{"href":"https:\/\/mediocudeyo.es\/web\/wp-json\/wp\/v2\/posts"}],"about":[{"href":"https:\/\/mediocudeyo.es\/web\/wp-json\/wp\/v2\/types\/post"}],"author":[{"embeddable":true,"href":"https:\/\/mediocudeyo.es\/web\/wp-json\/wp\/v2\/users\/4"}],"replies":[{"embeddable":true,"href":"https:\/\/mediocudeyo.es\/web\/wp-json\/wp\/v2\/comments?post=20651"}],"version-history":[{"count":2,"href":"https:\/\/mediocudeyo.es\/web\/wp-json\/wp\/v2\/posts\/20651\/revisions"}],"predecessor-version":[{"id":20656,"href":"https:\/\/mediocudeyo.es\/web\/wp-json\/wp\/v2\/posts\/20651\/revisions\/20656"}],"wp:featuredmedia":[{"embeddable":true,"href":"https:\/\/mediocudeyo.es\/web\/wp-json\/wp\/v2\/media\/20655"}],"wp:attachment":[{"href":"https:\/\/mediocudeyo.es\/web\/wp-json\/wp\/v2\/media?parent=20651"}],"wp:term":[{"taxonomy":"category","embeddable":true,"href":"https:\/\/mediocudeyo.es\/web\/wp-json\/wp\/v2\/categories?post=20651"},{"taxonomy":"post_tag","embeddable":true,"href":"https:\/\/mediocudeyo.es\/web\/wp-json\/wp\/v2\/tags?post=20651"}],"curies":[{"name":"wp","href":"https:\/\/api.w.org\/{rel}","templated":true}]}}