{"id":20770,"date":"2023-07-27T12:04:44","date_gmt":"2023-07-27T12:04:44","guid":{"rendered":"https:\/\/mediocudeyo.es\/web\/?p=20770"},"modified":"2023-07-27T12:04:44","modified_gmt":"2023-07-27T12:04:44","slug":"programa-de-fiestas-de-medio-cudeyo-2023","status":"publish","type":"post","link":"https:\/\/mediocudeyo.es\/web\/programa-de-fiestas-de-medio-cudeyo-2023\/","title":{"rendered":"Programa de fiestas de Medio Cudeyo 2023"},"content":{"rendered":"<p>\u00a1\u00a1\u00a1Lo estabais esperando y ya est\u00e1 aqu\u00ed!!!<\/p>\n<p>Ya pod\u00e9is descargaros el <strong>programa de las Fiestas de Santa Mar\u00eda de Cudeyo 2023<\/strong> pinchando en el siguiente enlace: <em><strong><a href=\"https:\/\/mediocudeyo.es\/web\/wp-content\/uploads\/2023\/07\/Programa-de-fiestas-Medio-cudeyo-2023.pdf\">Programa de fiestas Medio Cudeyo 2023<\/a>.<\/strong> <\/em><\/p>\n<p>La semana que viene tendr\u00e9is el formato en papel repartido por las casas del municipio. Esperamos que est\u00e9 a la altura de vuestras expectativas y que disfrut\u00e9is de ellas como nunca.<img fetchpriority=\"high\" decoding=\"async\" class=\"aligncenter size-full wp-image-20771\" src=\"https:\/\/mediocudeyo.es\/web\/wp-content\/uploads\/2023\/07\/fiestas-MC-2023.png\" alt=\"\" width=\"446\" height=\"623\" srcset=\"https:\/\/mediocudeyo.es\/web\/wp-content\/uploads\/2023\/07\/fiestas-MC-2023.png 446w, https:\/\/mediocudeyo.es\/web\/wp-content\/uploads\/2023\/07\/fiestas-MC-2023-215x300.png 215w\" sizes=\"(max-width: 446px) 100vw, 446px\" \/><\/p>\n","protected":false},"excerpt":{"rendered":"<p>\u00a1\u00a1\u00a1Lo estabais esperando y ya est\u00e1 aqu\u00ed!!! Ya pod\u00e9is descargaros el programa de las Fiestas de Santa Mar\u00eda de Cudeyo 2023 pinchando en el siguiente enlace: Programa de fiestas Medio [&hellip;]<\/p>\n","protected":false},"author":4,"featured_media":20771,"comment_status":"closed","ping_status":"closed","sticky":false,"template":"","format":"standard","meta":{"footnotes":""},"categories":[42],"tags":[169,666,60],"class_list":["post-20770","post","type-post","status-publish","format-standard","has-post-thumbnail","hentry","category-festejos","tag-fiestas","tag-fiestas-de-santa-maria","tag-medio-cudeyo"],"_links":{"self":[{"href":"https:\/\/mediocudeyo.es\/web\/wp-json\/wp\/v2\/posts\/20770"}],"collection":[{"href":"https:\/\/mediocudeyo.es\/web\/wp-json\/wp\/v2\/posts"}],"about":[{"href":"https:\/\/mediocudeyo.es\/web\/wp-json\/wp\/v2\/types\/post"}],"author":[{"embeddable":true,"href":"https:\/\/mediocudeyo.es\/web\/wp-json\/wp\/v2\/users\/4"}],"replies":[{"embeddable":true,"href":"https:\/\/mediocudeyo.es\/web\/wp-json\/wp\/v2\/comments?post=20770"}],"version-history":[{"count":1,"href":"https:\/\/mediocudeyo.es\/web\/wp-json\/wp\/v2\/posts\/20770\/revisions"}],"predecessor-version":[{"id":20772,"href":"https:\/\/mediocudeyo.es\/web\/wp-json\/wp\/v2\/posts\/20770\/revisions\/20772"}],"wp:featuredmedia":[{"embeddable":true,"href":"https:\/\/mediocudeyo.es\/web\/wp-json\/wp\/v2\/media\/20771"}],"wp:attachment":[{"href":"https:\/\/mediocudeyo.es\/web\/wp-json\/wp\/v2\/media?parent=20770"}],"wp:term":[{"taxonomy":"category","embeddable":true,"href":"https:\/\/mediocudeyo.es\/web\/wp-json\/wp\/v2\/categories?post=20770"},{"taxonomy":"post_tag","embeddable":true,"href":"https:\/\/mediocudeyo.es\/web\/wp-json\/wp\/v2\/tags?post=20770"}],"curies":[{"name":"wp","href":"https:\/\/api.w.org\/{rel}","templated":true}]}}