{"id":20794,"date":"2023-08-08T10:47:56","date_gmt":"2023-08-08T10:47:56","guid":{"rendered":"https:\/\/mediocudeyo.es\/web\/?p=20794"},"modified":"2023-08-08T10:47:56","modified_gmt":"2023-08-08T10:47:56","slug":"festival-artisticas-medio-cudeyo-2023","status":"publish","type":"post","link":"https:\/\/mediocudeyo.es\/web\/festival-artisticas-medio-cudeyo-2023\/","title":{"rendered":"Festival Art\u00edsticas Medio Cudeyo 2023"},"content":{"rendered":"<p>La Concejal\u00eda de Cultura nos trae un a\u00f1o m\u00e1s el Festival de artes en femenino de Medio Cudeyo \u00ab<em><strong>Art\u00edsticas<\/strong><\/em>\u00bb.<\/p>\n<p>Los d\u00edas <em><strong>2 y 3 de septiembre<\/strong><\/em> podremos disfrutar de m\u00fasica, m<span class=\"x193iq5w xeuugli x13faqbe x1vvkbs x1xmvt09 x1lliihq x1s928wv xhkezso x1gmr53x x1cpjm7i x1fgarty x1943h6x xudqn12 x3x7a5m x6prxxf xvq8zen xo1l8bm xzsf02u\" dir=\"auto\">agia, danza, teatro y juegos en familia, con proyectos encabezados por mujeres artistas y en el espectacular marco de la Finca del marqu\u00e9s de Valdecilla.<\/span><\/p>\n<p><img fetchpriority=\"high\" decoding=\"async\" class=\"aligncenter size-large wp-image-20795\" src=\"https:\/\/mediocudeyo.es\/web\/wp-content\/uploads\/2023\/08\/ARTISTICAS.-Flyer-1024x1024.jpg\" alt=\"\" width=\"1024\" height=\"1024\" srcset=\"https:\/\/mediocudeyo.es\/web\/wp-content\/uploads\/2023\/08\/ARTISTICAS.-Flyer-1024x1024.jpg 1024w, https:\/\/mediocudeyo.es\/web\/wp-content\/uploads\/2023\/08\/ARTISTICAS.-Flyer-300x300.jpg 300w, https:\/\/mediocudeyo.es\/web\/wp-content\/uploads\/2023\/08\/ARTISTICAS.-Flyer-150x150.jpg 150w, https:\/\/mediocudeyo.es\/web\/wp-content\/uploads\/2023\/08\/ARTISTICAS.-Flyer-768x768.jpg 768w, https:\/\/mediocudeyo.es\/web\/wp-content\/uploads\/2023\/08\/ARTISTICAS.-Flyer-450x450.jpg 450w, https:\/\/mediocudeyo.es\/web\/wp-content\/uploads\/2023\/08\/ARTISTICAS.-Flyer-106x106.jpg 106w, https:\/\/mediocudeyo.es\/web\/wp-content\/uploads\/2023\/08\/ARTISTICAS.-Flyer-560x560.jpg 560w, https:\/\/mediocudeyo.es\/web\/wp-content\/uploads\/2023\/08\/ARTISTICAS.-Flyer-70x70.jpg 70w, https:\/\/mediocudeyo.es\/web\/wp-content\/uploads\/2023\/08\/ARTISTICAS.-Flyer.jpg 1240w\" sizes=\"(max-width: 1024px) 100vw, 1024px\" \/><\/p>\n<p>&nbsp;<\/p>\n<p><strong>ENTRADA GRATUITA<\/strong><\/p>\n<p><span class=\"x193iq5w xeuugli x13faqbe x1vvkbs x1xmvt09 x1lliihq x1s928wv xhkezso x1gmr53x x1cpjm7i x1fgarty x1943h6x xudqn12 x3x7a5m x6prxxf xvq8zen xo1l8bm xzsf02u\" dir=\"auto\"><span class=\"x3nfvp2 x1j61x8r x1fcty0u xdj266r xhhsvwb xat24cr xgzva0m xxymvpz xlup9mm x1kky2od\"><img decoding=\"async\" src=\"https:\/\/static.xx.fbcdn.net\/images\/emoji.php\/v9\/t7e\/1\/16\/1f4c5.png\" alt=\"\ud83d\udcc5\" width=\"16\" height=\"16\" \/><\/span><em><strong> 2 y 3 de septiembre.<\/strong><\/em><br \/>\n<span class=\"x3nfvp2 x1j61x8r x1fcty0u xdj266r xhhsvwb xat24cr xgzva0m xxymvpz xlup9mm x1kky2od\"><img decoding=\"async\" src=\"https:\/\/static.xx.fbcdn.net\/images\/emoji.php\/v9\/t77\/1\/16\/1f3e1.png\" alt=\"\ud83c\udfe1\" width=\"16\" height=\"16\" \/><\/span> <a class=\"x1i10hfl xjbqb8w x6umtig x1b1mbwd xaqea5y xav7gou x9f619 x1ypdohk xt0psk2 xe8uvvx xdj266r x11i5rnm xat24cr x1mh8g0r xexx8yu x4uap5 x18d9i69 xkhd6sd x16tdsg8 x1hl2dhg xggy1nq x1a2a7pz xt0b8zv xzsf02u x1s688f\" role=\"link\" href=\"https:\/\/www.facebook.com\/fincamuseomarquesdevaldecilla?__tn__=-]K*F\"><span class=\"xt0psk2\">Finca Museo Marqu\u00e9s de Valdecilla<\/span><\/a><\/span><\/p>\n","protected":false},"excerpt":{"rendered":"<p>La Concejal\u00eda de Cultura nos trae un a\u00f1o m\u00e1s el Festival de artes en femenino de Medio Cudeyo \u00abArt\u00edsticas\u00bb. Los d\u00edas 2 y 3 de septiembre podremos disfrutar de m\u00fasica, [&hellip;]<\/p>\n","protected":false},"author":4,"featured_media":20796,"comment_status":"closed","ping_status":"closed","sticky":false,"template":"","format":"standard","meta":{"footnotes":""},"categories":[37],"tags":[240,238,223],"class_list":["post-20794","post","type-post","status-publish","format-standard","has-post-thumbnail","hentry","category-centro-cultural","tag-artisticas","tag-cultura","tag-festival"],"_links":{"self":[{"href":"https:\/\/mediocudeyo.es\/web\/wp-json\/wp\/v2\/posts\/20794"}],"collection":[{"href":"https:\/\/mediocudeyo.es\/web\/wp-json\/wp\/v2\/posts"}],"about":[{"href":"https:\/\/mediocudeyo.es\/web\/wp-json\/wp\/v2\/types\/post"}],"author":[{"embeddable":true,"href":"https:\/\/mediocudeyo.es\/web\/wp-json\/wp\/v2\/users\/4"}],"replies":[{"embeddable":true,"href":"https:\/\/mediocudeyo.es\/web\/wp-json\/wp\/v2\/comments?post=20794"}],"version-history":[{"count":1,"href":"https:\/\/mediocudeyo.es\/web\/wp-json\/wp\/v2\/posts\/20794\/revisions"}],"predecessor-version":[{"id":20797,"href":"https:\/\/mediocudeyo.es\/web\/wp-json\/wp\/v2\/posts\/20794\/revisions\/20797"}],"wp:featuredmedia":[{"embeddable":true,"href":"https:\/\/mediocudeyo.es\/web\/wp-json\/wp\/v2\/media\/20796"}],"wp:attachment":[{"href":"https:\/\/mediocudeyo.es\/web\/wp-json\/wp\/v2\/media?parent=20794"}],"wp:term":[{"taxonomy":"category","embeddable":true,"href":"https:\/\/mediocudeyo.es\/web\/wp-json\/wp\/v2\/categories?post=20794"},{"taxonomy":"post_tag","embeddable":true,"href":"https:\/\/mediocudeyo.es\/web\/wp-json\/wp\/v2\/tags?post=20794"}],"curies":[{"name":"wp","href":"https:\/\/api.w.org\/{rel}","templated":true}]}}