{"id":20798,"date":"2023-08-11T10:07:30","date_gmt":"2023-08-11T10:07:30","guid":{"rendered":"https:\/\/mediocudeyo.es\/web\/?p=20798"},"modified":"2023-08-10T11:11:45","modified_gmt":"2023-08-10T11:11:45","slug":"jornada-campestre-en-sobremazas","status":"publish","type":"post","link":"https:\/\/mediocudeyo.es\/web\/jornada-campestre-en-sobremazas\/","title":{"rendered":"Jornada Campestre en Sobremazas"},"content":{"rendered":"<p>La Concejal\u00eda de Cultura nos invita el pr\u00f3ximo <strong>9 de septiembre<\/strong> (s\u00e1bado) a una jornada campestre llena de m\u00fasica, danza y magia para todas las edades.<\/p>\n<p><img fetchpriority=\"high\" decoding=\"async\" class=\"aligncenter size-large wp-image-20799\" src=\"https:\/\/mediocudeyo.es\/web\/wp-content\/uploads\/2023\/08\/JORNADA-CAMPESTRE.-CARTEL-JPG-724x1024.jpg\" alt=\"\" width=\"724\" height=\"1024\" srcset=\"https:\/\/mediocudeyo.es\/web\/wp-content\/uploads\/2023\/08\/JORNADA-CAMPESTRE.-CARTEL-JPG-724x1024.jpg 724w, https:\/\/mediocudeyo.es\/web\/wp-content\/uploads\/2023\/08\/JORNADA-CAMPESTRE.-CARTEL-JPG-212x300.jpg 212w, https:\/\/mediocudeyo.es\/web\/wp-content\/uploads\/2023\/08\/JORNADA-CAMPESTRE.-CARTEL-JPG-768x1086.jpg 768w, https:\/\/mediocudeyo.es\/web\/wp-content\/uploads\/2023\/08\/JORNADA-CAMPESTRE.-CARTEL-JPG-1086x1536.jpg 1086w, https:\/\/mediocudeyo.es\/web\/wp-content\/uploads\/2023\/08\/JORNADA-CAMPESTRE.-CARTEL-JPG-1448x2048.jpg 1448w, https:\/\/mediocudeyo.es\/web\/wp-content\/uploads\/2023\/08\/JORNADA-CAMPESTRE.-CARTEL-JPG.jpg 1587w\" sizes=\"(max-width: 724px) 100vw, 724px\" \/><\/p>\n","protected":false},"excerpt":{"rendered":"<p>La Concejal\u00eda de Cultura nos invita el pr\u00f3ximo 9 de septiembre (s\u00e1bado) a una jornada campestre llena de m\u00fasica, danza y magia para todas las edades.<\/p>\n","protected":false},"author":4,"featured_media":20799,"comment_status":"closed","ping_status":"closed","sticky":false,"template":"","format":"standard","meta":{"footnotes":""},"categories":[37],"tags":[104,667],"class_list":["post-20798","post","type-post","status-publish","format-standard","has-post-thumbnail","hentry","category-centro-cultural","tag-centro-cultural","tag-jornada-campestre"],"_links":{"self":[{"href":"https:\/\/mediocudeyo.es\/web\/wp-json\/wp\/v2\/posts\/20798"}],"collection":[{"href":"https:\/\/mediocudeyo.es\/web\/wp-json\/wp\/v2\/posts"}],"about":[{"href":"https:\/\/mediocudeyo.es\/web\/wp-json\/wp\/v2\/types\/post"}],"author":[{"embeddable":true,"href":"https:\/\/mediocudeyo.es\/web\/wp-json\/wp\/v2\/users\/4"}],"replies":[{"embeddable":true,"href":"https:\/\/mediocudeyo.es\/web\/wp-json\/wp\/v2\/comments?post=20798"}],"version-history":[{"count":1,"href":"https:\/\/mediocudeyo.es\/web\/wp-json\/wp\/v2\/posts\/20798\/revisions"}],"predecessor-version":[{"id":20800,"href":"https:\/\/mediocudeyo.es\/web\/wp-json\/wp\/v2\/posts\/20798\/revisions\/20800"}],"wp:featuredmedia":[{"embeddable":true,"href":"https:\/\/mediocudeyo.es\/web\/wp-json\/wp\/v2\/media\/20799"}],"wp:attachment":[{"href":"https:\/\/mediocudeyo.es\/web\/wp-json\/wp\/v2\/media?parent=20798"}],"wp:term":[{"taxonomy":"category","embeddable":true,"href":"https:\/\/mediocudeyo.es\/web\/wp-json\/wp\/v2\/categories?post=20798"},{"taxonomy":"post_tag","embeddable":true,"href":"https:\/\/mediocudeyo.es\/web\/wp-json\/wp\/v2\/tags?post=20798"}],"curies":[{"name":"wp","href":"https:\/\/api.w.org\/{rel}","templated":true}]}}