{"id":20801,"date":"2023-08-17T10:12:06","date_gmt":"2023-08-17T10:12:06","guid":{"rendered":"https:\/\/mediocudeyo.es\/web\/?p=20801"},"modified":"2023-09-11T13:34:09","modified_gmt":"2023-09-11T13:34:09","slug":"nueva-fecha-para-el-retornar-del-indiano","status":"publish","type":"post","link":"https:\/\/mediocudeyo.es\/web\/nueva-fecha-para-el-retornar-del-indiano\/","title":{"rendered":"Nueva fecha para El Retornar del Indiano"},"content":{"rendered":"<p><span class=\"x193iq5w xeuugli x13faqbe x1vvkbs x1xmvt09 x1lliihq x1s928wv xhkezso x1gmr53x x1cpjm7i x1fgarty x1943h6x xudqn12 x3x7a5m x6prxxf xvq8zen xo1l8bm xzsf02u\" dir=\"auto\">La Concejal\u00eda de Cultura anuncia una nueva fecha para disfrutar de la jornada de \u00abEl Retornar del Indinao\u00bb: <strong>Domingo 10 de septiembre<\/strong>.<br \/>\n<\/span><\/p>\n<p><span class=\"x193iq5w xeuugli x13faqbe x1vvkbs x1xmvt09 x1lliihq x1s928wv xhkezso x1gmr53x x1cpjm7i x1fgarty x1943h6x xudqn12 x3x7a5m x6prxxf xvq8zen xo1l8bm xzsf02u\" dir=\"auto\">A partir de las<em><strong> 12:00h y hasta las 22:30h<\/strong> <\/em>aproximadamente podr\u00e1s disfrutar de numerosas actividades, que puedes ver en el cartel. Tambi\u00e9n podr\u00e1s participar en el <strong><a href=\"https:\/\/mediocudeyo.es\/web\/concurso-de-fotografia-el-retornar-del-indiano-2\/\">Concurso de Fotograf\u00eda<\/a><\/strong>.<br \/>\n<\/span><\/p>\n<p><span class=\"x193iq5w xeuugli x13faqbe x1vvkbs x1xmvt09 x1lliihq x1s928wv xhkezso x1gmr53x x1cpjm7i x1fgarty x1943h6x xudqn12 x3x7a5m x6prxxf xvq8zen xo1l8bm xzsf02u\" dir=\"auto\">Esta fiesta participa desde hace ya varias ediciones en la Red de Municipios Indianos, en la que, junto a Comillas, representamos a Cantabria.<\/span><\/p>\n<p>&nbsp;<\/p>\n<p><img fetchpriority=\"high\" decoding=\"async\" class=\"aligncenter size-large wp-image-20802\" src=\"https:\/\/mediocudeyo.es\/web\/wp-content\/uploads\/2023\/08\/RETORNAR-DEL-INDIANO.-Nueva-fecha-CARTEL-JPG-724x1024.jpg\" alt=\"\" width=\"724\" height=\"1024\" srcset=\"https:\/\/mediocudeyo.es\/web\/wp-content\/uploads\/2023\/08\/RETORNAR-DEL-INDIANO.-Nueva-fecha-CARTEL-JPG-724x1024.jpg 724w, https:\/\/mediocudeyo.es\/web\/wp-content\/uploads\/2023\/08\/RETORNAR-DEL-INDIANO.-Nueva-fecha-CARTEL-JPG-212x300.jpg 212w, https:\/\/mediocudeyo.es\/web\/wp-content\/uploads\/2023\/08\/RETORNAR-DEL-INDIANO.-Nueva-fecha-CARTEL-JPG-768x1086.jpg 768w, https:\/\/mediocudeyo.es\/web\/wp-content\/uploads\/2023\/08\/RETORNAR-DEL-INDIANO.-Nueva-fecha-CARTEL-JPG-1086x1536.jpg 1086w, https:\/\/mediocudeyo.es\/web\/wp-content\/uploads\/2023\/08\/RETORNAR-DEL-INDIANO.-Nueva-fecha-CARTEL-JPG-1448x2048.jpg 1448w, https:\/\/mediocudeyo.es\/web\/wp-content\/uploads\/2023\/08\/RETORNAR-DEL-INDIANO.-Nueva-fecha-CARTEL-JPG.jpg 1587w\" sizes=\"(max-width: 724px) 100vw, 724px\" \/><\/p>\n","protected":false},"excerpt":{"rendered":"<p>La Concejal\u00eda de Cultura anuncia una nueva fecha para disfrutar de la jornada de \u00abEl Retornar del Indinao\u00bb: Domingo 10 de septiembre. A partir de las 12:00h y hasta las [&hellip;]<\/p>\n","protected":false},"author":4,"featured_media":20802,"comment_status":"closed","ping_status":"closed","sticky":false,"template":"","format":"standard","meta":{"footnotes":""},"categories":[37],"tags":[238,96,668],"class_list":["post-20801","post","type-post","status-publish","format-standard","has-post-thumbnail","hentry","category-centro-cultural","tag-cultura","tag-finca-marques-de-valdecilla","tag-retornar-del-indiano"],"_links":{"self":[{"href":"https:\/\/mediocudeyo.es\/web\/wp-json\/wp\/v2\/posts\/20801"}],"collection":[{"href":"https:\/\/mediocudeyo.es\/web\/wp-json\/wp\/v2\/posts"}],"about":[{"href":"https:\/\/mediocudeyo.es\/web\/wp-json\/wp\/v2\/types\/post"}],"author":[{"embeddable":true,"href":"https:\/\/mediocudeyo.es\/web\/wp-json\/wp\/v2\/users\/4"}],"replies":[{"embeddable":true,"href":"https:\/\/mediocudeyo.es\/web\/wp-json\/wp\/v2\/comments?post=20801"}],"version-history":[{"count":2,"href":"https:\/\/mediocudeyo.es\/web\/wp-json\/wp\/v2\/posts\/20801\/revisions"}],"predecessor-version":[{"id":20871,"href":"https:\/\/mediocudeyo.es\/web\/wp-json\/wp\/v2\/posts\/20801\/revisions\/20871"}],"wp:featuredmedia":[{"embeddable":true,"href":"https:\/\/mediocudeyo.es\/web\/wp-json\/wp\/v2\/media\/20802"}],"wp:attachment":[{"href":"https:\/\/mediocudeyo.es\/web\/wp-json\/wp\/v2\/media?parent=20801"}],"wp:term":[{"taxonomy":"category","embeddable":true,"href":"https:\/\/mediocudeyo.es\/web\/wp-json\/wp\/v2\/categories?post=20801"},{"taxonomy":"post_tag","embeddable":true,"href":"https:\/\/mediocudeyo.es\/web\/wp-json\/wp\/v2\/tags?post=20801"}],"curies":[{"name":"wp","href":"https:\/\/api.w.org\/{rel}","templated":true}]}}