{"id":20805,"date":"2023-08-11T11:24:09","date_gmt":"2023-08-11T11:24:09","guid":{"rendered":"https:\/\/mediocudeyo.es\/web\/?p=20805"},"modified":"2023-08-11T11:33:59","modified_gmt":"2023-08-11T11:33:59","slug":"cierre-del-museo-marques-de-valdecilla-el-15-de-agosto","status":"publish","type":"post","link":"https:\/\/mediocudeyo.es\/web\/cierre-del-museo-marques-de-valdecilla-el-15-de-agosto\/","title":{"rendered":"Cierre del Museo el 15 de agosto"},"content":{"rendered":"<p><a href=\"https:\/\/mediocudeyo.es\/web\/wp-content\/uploads\/2023\/08\/Logo-Museo-Marques-de-Valdecilla-definitivo.png\" data-rel=\"lightbox-image-0\" data-rl_title=\"\" data-rl_caption=\"\" title=\"\"><img decoding=\"async\" class=\"alignnone size-medium wp-image-20806\" src=\"https:\/\/mediocudeyo.es\/web\/wp-content\/uploads\/2023\/08\/Logo-Museo-Marques-de-Valdecilla-definitivo-300x146.png\" alt=\"\" width=\"300\" height=\"146\" srcset=\"https:\/\/mediocudeyo.es\/web\/wp-content\/uploads\/2023\/08\/Logo-Museo-Marques-de-Valdecilla-definitivo-300x146.png 300w, https:\/\/mediocudeyo.es\/web\/wp-content\/uploads\/2023\/08\/Logo-Museo-Marques-de-Valdecilla-definitivo-1024x497.png 1024w, https:\/\/mediocudeyo.es\/web\/wp-content\/uploads\/2023\/08\/Logo-Museo-Marques-de-Valdecilla-definitivo-768x373.png 768w, https:\/\/mediocudeyo.es\/web\/wp-content\/uploads\/2023\/08\/Logo-Museo-Marques-de-Valdecilla-definitivo-1536x746.png 1536w, https:\/\/mediocudeyo.es\/web\/wp-content\/uploads\/2023\/08\/Logo-Museo-Marques-de-Valdecilla-definitivo-2048x994.png 2048w\" sizes=\"(max-width: 300px) 100vw, 300px\" \/><\/a><\/p>\n<p>Informamos que el martes 15 de agosto, festividad de Nuestra Se\u00f1ora de Cudeyo, patrona del municipio, el Museo Marqu\u00e9s de Valdecilla permanecer\u00e1 cerrado por festivo local.<\/p>\n<p>Los jardines de la Finca Marqu\u00e9s de Valdecilla abrir\u00e1n de 10 a 20 horas.<\/p>\n<p>Disculpen las molestias.<\/p>\n","protected":false},"excerpt":{"rendered":"<p>Informamos que el martes 15 de agosto, festividad de Nuestra Se\u00f1ora de Cudeyo, patrona del municipio, el Museo Marqu\u00e9s de Valdecilla permanecer\u00e1 cerrado por festivo local. Los jardines de la [&hellip;]<\/p>\n","protected":false},"author":3,"featured_media":20806,"comment_status":"closed","ping_status":"closed","sticky":false,"template":"","format":"standard","meta":{"footnotes":""},"categories":[44,57],"tags":[],"class_list":["post-20805","post","type-post","status-publish","format-standard","has-post-thumbnail","hentry","category-fmv","category-turismo"],"_links":{"self":[{"href":"https:\/\/mediocudeyo.es\/web\/wp-json\/wp\/v2\/posts\/20805"}],"collection":[{"href":"https:\/\/mediocudeyo.es\/web\/wp-json\/wp\/v2\/posts"}],"about":[{"href":"https:\/\/mediocudeyo.es\/web\/wp-json\/wp\/v2\/types\/post"}],"author":[{"embeddable":true,"href":"https:\/\/mediocudeyo.es\/web\/wp-json\/wp\/v2\/users\/3"}],"replies":[{"embeddable":true,"href":"https:\/\/mediocudeyo.es\/web\/wp-json\/wp\/v2\/comments?post=20805"}],"version-history":[{"count":3,"href":"https:\/\/mediocudeyo.es\/web\/wp-json\/wp\/v2\/posts\/20805\/revisions"}],"predecessor-version":[{"id":20809,"href":"https:\/\/mediocudeyo.es\/web\/wp-json\/wp\/v2\/posts\/20805\/revisions\/20809"}],"wp:featuredmedia":[{"embeddable":true,"href":"https:\/\/mediocudeyo.es\/web\/wp-json\/wp\/v2\/media\/20806"}],"wp:attachment":[{"href":"https:\/\/mediocudeyo.es\/web\/wp-json\/wp\/v2\/media?parent=20805"}],"wp:term":[{"taxonomy":"category","embeddable":true,"href":"https:\/\/mediocudeyo.es\/web\/wp-json\/wp\/v2\/categories?post=20805"},{"taxonomy":"post_tag","embeddable":true,"href":"https:\/\/mediocudeyo.es\/web\/wp-json\/wp\/v2\/tags?post=20805"}],"curies":[{"name":"wp","href":"https:\/\/api.w.org\/{rel}","templated":true}]}}