{"id":20839,"date":"2023-08-28T12:48:25","date_gmt":"2023-08-28T12:48:25","guid":{"rendered":"https:\/\/mediocudeyo.es\/web\/?p=20839"},"modified":"2023-08-28T12:48:25","modified_gmt":"2023-08-28T12:48:25","slug":"vuelve-la-animacion-a-la-lectura-a-la-pequeteca","status":"publish","type":"post","link":"https:\/\/mediocudeyo.es\/web\/vuelve-la-animacion-a-la-lectura-a-la-pequeteca\/","title":{"rendered":"Vuelve la animaci\u00f3n a la lectura a la Pequeteca"},"content":{"rendered":"<p>Llega septiembre al Centro Cultural Ram\u00f3n Pelayo y con \u00e9l regresan sus actividades regulares, entre las que se encuentra la animaci\u00f3n a la lectura en la Pequeteca de la biblioteca Municipal.<\/p>\n<p><span class=\"x193iq5w xeuugli x13faqbe x1vvkbs x1xmvt09 x1lliihq x1s928wv xhkezso x1gmr53x x1cpjm7i x1fgarty x1943h6x xudqn12 x3x7a5m x6prxxf xvq8zen xo1l8bm xzsf02u\" dir=\"auto\"><span class=\"x3nfvp2 x1j61x8r x1fcty0u xdj266r xhhsvwb xat24cr xgzva0m xxymvpz xlup9mm x1kky2od\"><img decoding=\"async\" src=\"https:\/\/static.xx.fbcdn.net\/images\/emoji.php\/v9\/t9e\/1\/16\/27a1.png\" alt=\"\u27a1\" width=\"16\" height=\"16\" \/><\/span> Dos turnos: Infantil (desde 3 a\u00f1os) y primaria.<br \/>\n<span class=\"x3nfvp2 x1j61x8r x1fcty0u xdj266r xhhsvwb xat24cr xgzva0m xxymvpz xlup9mm x1kky2od\"><img decoding=\"async\" src=\"https:\/\/static.xx.fbcdn.net\/images\/emoji.php\/v9\/t8e\/1\/16\/2139.png\" alt=\"\u2139\ufe0f\" width=\"16\" height=\"16\" \/><\/span> Actividad GRATUITA. . Plazas limitadas.<br \/>\nEl d\u00eda previo a la actividad se llamar\u00e1 a las personas que hayan obtenido plaza.<\/p>\n<p><span class=\"x3nfvp2 x1j61x8r x1fcty0u xdj266r xhhsvwb xat24cr xgzva0m xxymvpz xlup9mm x1kky2od\"><img decoding=\"async\" src=\"https:\/\/static.xx.fbcdn.net\/images\/emoji.php\/v9\/t9e\/1\/16\/27a1.png\" alt=\"\u27a1\ufe0f\" width=\"16\" height=\"16\" \/><\/span> Imprescindible inscribirse desde el jueves de la semana anterior a cada actividad (para la primera actividad el plazo se abre este jueves 31 de agosto):<\/p>\n<p><span class=\"x3nfvp2 x1j61x8r x1fcty0u xdj266r xhhsvwb xat24cr xgzva0m xxymvpz xlup9mm x1kky2od\"><img loading=\"lazy\" decoding=\"async\" src=\"https:\/\/static.xx.fbcdn.net\/images\/emoji.php\/v9\/t22\/1\/16\/260e.png\" alt=\"\u260e\" width=\"16\" height=\"16\" \/><\/span> 942 52 26 85 (Tambi\u00e9n por WhatsApp al mismo n\u00famero)<br \/>\nCentrocultural@mediocudeyo.es<br \/>\n\ufe0f<br \/>\n<span class=\"x3nfvp2 x1j61x8r x1fcty0u xdj266r xhhsvwb xat24cr xgzva0m xxymvpz xlup9mm x1kky2od\"><img loading=\"lazy\" decoding=\"async\" src=\"https:\/\/static.xx.fbcdn.net\/images\/emoji.php\/v9\/tdc\/1\/16\/26a0.png\" alt=\"\u26a0\ufe0f\" width=\"16\" height=\"16\" \/><\/span> Para realizar la reserva es necesario aportar los siguientes datos de: nombre completo, edad, tel\u00e9fono de contacto y municipio de empadronamiento.<br \/>\n<\/span><\/p>\n<p><img loading=\"lazy\" decoding=\"async\" class=\"aligncenter size-large wp-image-20840\" src=\"https:\/\/mediocudeyo.es\/web\/wp-content\/uploads\/2023\/08\/BIBLIOTECA.-Animacion-a-la-lectura-CARTEL-JPG-724x1024.jpg\" alt=\"\" width=\"724\" height=\"1024\" \/><\/p>\n","protected":false},"excerpt":{"rendered":"<p>Llega septiembre al Centro Cultural Ram\u00f3n Pelayo y con \u00e9l regresan sus actividades regulares, entre las que se encuentra la animaci\u00f3n a la lectura en la Pequeteca de la biblioteca [&hellip;]<\/p>\n","protected":false},"author":4,"featured_media":0,"comment_status":"closed","ping_status":"closed","sticky":false,"template":"","format":"standard","meta":{"footnotes":""},"categories":[37],"tags":[507,84,104,552],"class_list":["post-20839","post","type-post","status-publish","format-standard","hentry","category-centro-cultural","tag-animaicon-a-la-lectura","tag-biblioteca","tag-centro-cultural","tag-pequeteca"],"_links":{"self":[{"href":"https:\/\/mediocudeyo.es\/web\/wp-json\/wp\/v2\/posts\/20839"}],"collection":[{"href":"https:\/\/mediocudeyo.es\/web\/wp-json\/wp\/v2\/posts"}],"about":[{"href":"https:\/\/mediocudeyo.es\/web\/wp-json\/wp\/v2\/types\/post"}],"author":[{"embeddable":true,"href":"https:\/\/mediocudeyo.es\/web\/wp-json\/wp\/v2\/users\/4"}],"replies":[{"embeddable":true,"href":"https:\/\/mediocudeyo.es\/web\/wp-json\/wp\/v2\/comments?post=20839"}],"version-history":[{"count":1,"href":"https:\/\/mediocudeyo.es\/web\/wp-json\/wp\/v2\/posts\/20839\/revisions"}],"predecessor-version":[{"id":20841,"href":"https:\/\/mediocudeyo.es\/web\/wp-json\/wp\/v2\/posts\/20839\/revisions\/20841"}],"wp:attachment":[{"href":"https:\/\/mediocudeyo.es\/web\/wp-json\/wp\/v2\/media?parent=20839"}],"wp:term":[{"taxonomy":"category","embeddable":true,"href":"https:\/\/mediocudeyo.es\/web\/wp-json\/wp\/v2\/categories?post=20839"},{"taxonomy":"post_tag","embeddable":true,"href":"https:\/\/mediocudeyo.es\/web\/wp-json\/wp\/v2\/tags?post=20839"}],"curies":[{"name":"wp","href":"https:\/\/api.w.org\/{rel}","templated":true}]}}