{"id":20913,"date":"2023-09-22T10:59:19","date_gmt":"2023-09-22T10:59:19","guid":{"rendered":"https:\/\/mediocudeyo.es\/web\/?p=20913"},"modified":"2023-09-22T10:59:19","modified_gmt":"2023-09-22T10:59:19","slug":"espacio-bienestar-para-ninos-as-y-adolescentes","status":"publish","type":"post","link":"https:\/\/mediocudeyo.es\/web\/espacio-bienestar-para-ninos-as-y-adolescentes\/","title":{"rendered":"Espacio Bienestar para ni\u00f1os\/as y adolescentes"},"content":{"rendered":"<div class=\"\" data-block=\"true\" data-editor=\"d1vhu\" data-offset-key=\"bus55-0-0\">\n<div class=\"_1mf _1mj\" data-offset-key=\"bus55-0-0\"><span data-offset-key=\"bus55-0-0\">El Ayuntamiento de Medio Cudeyo, a trav\u00e9s del Programa de Buen trato a la Infancia y Adolescencia de la Concejal\u00eda de Bienestar social y financiado por el ICASS, pone a servicio del municipio la atenci\u00f3n emocional y psicol\u00f3gica de ni\u00f1os\/as y adolescentes. <\/span><\/div>\n<\/div>\n<div class=\"\" data-block=\"true\" data-editor=\"d1vhu\" data-offset-key=\"1miti-0-0\">\n<div class=\"_1mf _1mj\" data-offset-key=\"1miti-0-0\"><span data-offset-key=\"1miti-0-0\">\u00a0<\/span><\/div>\n<\/div>\n<div class=\"\" data-block=\"true\" data-editor=\"d1vhu\" data-offset-key=\"5gdgj-0-0\">\n<div class=\"_1mf _1mj\" data-offset-key=\"5gdgj-0-0\"><span data-offset-key=\"5gdgj-0-0\">\u260e\ufe0f Si conoces a alg\u00fan ni\u00f1o\/a o adolescente que est\u00e9 pasando por un momento an\u00edmicamente bajo o crees que necesita aprender a gestionarse emocionalmente, llama a Servicios Sociales de Medio Cudeyo y te informamos sobre las caracter\u00edsticas del servicio \u25b6\ufe0f 942 52 25 29.<\/span><\/div>\n<\/div>\n<div data-offset-key=\"5gdgj-0-0\"><\/div>\n<div data-offset-key=\"5gdgj-0-0\"><img fetchpriority=\"high\" decoding=\"async\" class=\"aligncenter size-large wp-image-20914\" src=\"https:\/\/mediocudeyo.es\/web\/wp-content\/uploads\/2023\/09\/Espacio-bienestar-sesiones-psico-2-724x1024.png\" alt=\"\" width=\"724\" height=\"1024\" srcset=\"https:\/\/mediocudeyo.es\/web\/wp-content\/uploads\/2023\/09\/Espacio-bienestar-sesiones-psico-2-724x1024.png 724w, https:\/\/mediocudeyo.es\/web\/wp-content\/uploads\/2023\/09\/Espacio-bienestar-sesiones-psico-2-212x300.png 212w, https:\/\/mediocudeyo.es\/web\/wp-content\/uploads\/2023\/09\/Espacio-bienestar-sesiones-psico-2-768x1086.png 768w, https:\/\/mediocudeyo.es\/web\/wp-content\/uploads\/2023\/09\/Espacio-bienestar-sesiones-psico-2-1086x1536.png 1086w, https:\/\/mediocudeyo.es\/web\/wp-content\/uploads\/2023\/09\/Espacio-bienestar-sesiones-psico-2-1448x2048.png 1448w, https:\/\/mediocudeyo.es\/web\/wp-content\/uploads\/2023\/09\/Espacio-bienestar-sesiones-psico-2.png 1587w\" sizes=\"(max-width: 724px) 100vw, 724px\" \/><\/div>\n","protected":false},"excerpt":{"rendered":"<p>El Ayuntamiento de Medio Cudeyo, a trav\u00e9s del Programa de Buen trato a la Infancia y Adolescencia de la Concejal\u00eda de Bienestar social y financiado por el ICASS, pone a [&hellip;]<\/p>\n","protected":false},"author":4,"featured_media":20914,"comment_status":"closed","ping_status":"closed","sticky":false,"template":"","format":"standard","meta":{"footnotes":""},"categories":[55],"tags":[242,594,672,673],"class_list":["post-20913","post","type-post","status-publish","format-standard","has-post-thumbnail","hentry","category-servicios-sociales","tag-bienestar","tag-bienestar-social","tag-psicologo","tag-salud-emocional"],"_links":{"self":[{"href":"https:\/\/mediocudeyo.es\/web\/wp-json\/wp\/v2\/posts\/20913"}],"collection":[{"href":"https:\/\/mediocudeyo.es\/web\/wp-json\/wp\/v2\/posts"}],"about":[{"href":"https:\/\/mediocudeyo.es\/web\/wp-json\/wp\/v2\/types\/post"}],"author":[{"embeddable":true,"href":"https:\/\/mediocudeyo.es\/web\/wp-json\/wp\/v2\/users\/4"}],"replies":[{"embeddable":true,"href":"https:\/\/mediocudeyo.es\/web\/wp-json\/wp\/v2\/comments?post=20913"}],"version-history":[{"count":1,"href":"https:\/\/mediocudeyo.es\/web\/wp-json\/wp\/v2\/posts\/20913\/revisions"}],"predecessor-version":[{"id":20915,"href":"https:\/\/mediocudeyo.es\/web\/wp-json\/wp\/v2\/posts\/20913\/revisions\/20915"}],"wp:featuredmedia":[{"embeddable":true,"href":"https:\/\/mediocudeyo.es\/web\/wp-json\/wp\/v2\/media\/20914"}],"wp:attachment":[{"href":"https:\/\/mediocudeyo.es\/web\/wp-json\/wp\/v2\/media?parent=20913"}],"wp:term":[{"taxonomy":"category","embeddable":true,"href":"https:\/\/mediocudeyo.es\/web\/wp-json\/wp\/v2\/categories?post=20913"},{"taxonomy":"post_tag","embeddable":true,"href":"https:\/\/mediocudeyo.es\/web\/wp-json\/wp\/v2\/tags?post=20913"}],"curies":[{"name":"wp","href":"https:\/\/api.w.org\/{rel}","templated":true}]}}